{"id":217011,"date":"2023-08-08T19:59:08","date_gmt":"2023-08-08T22:59:08","guid":{"rendered":"https:\/\/diarioregionaldigital.com.br\/?p=217011"},"modified":"2023-08-08T19:59:08","modified_gmt":"2023-08-08T22:59:08","slug":"torres-culpa-pmdf-pelo-baixo-efetivo-em-8-de-janeiro","status":"publish","type":"post","link":"https:\/\/diarioregionaldigital.com.br\/?p=217011","title":{"rendered":"Torres culpa PMDF pelo baixo efetivo em 8 de janeiro"},"content":{"rendered":"<p>O ex-secret\u00e1rio de Seguran\u00e7a do Distrito Federal Anderson Torres defendeu nesta ter\u00e7a-feira (8) que a responsabilidade pelo n\u00famero de policiais na Esplanada dos Minist\u00e9rios no dia 8 de janeiro era da Pol\u00edcia Militar do Distrito Federal (PMDF). Torres argumentou que a Secretaria de Seguran\u00e7a era respons\u00e1vel pelo planejamento da opera\u00e7\u00e3o, e n\u00e3o a execu\u00e7\u00e3o.\u00a0<img decoding=\"async\" src=\"https:\/\/agenciabrasil.ebc.com.br\/ebc.png?id=1547857&amp;o=node\" \/><img decoding=\"async\" src=\"https:\/\/agenciabrasil.ebc.com.br\/ebc.gif?id=1547857&amp;o=node\" \/><\/p>\n<p>\u201cO que o protocolo colocou para a PM, a PM tem que cumprir; o que o protocolo colocou para a Pol\u00edcia Civil, a Pol\u00edcia Civil tem que cumprir. Meios, efetivos, n\u00famero de homens, \u00e9 com cada institui\u00e7\u00e3o\u201d,\u00a0explicou o ex-secret\u00e1rio em depoimento\u00a0\u00e0 Comiss\u00e3o\u00a0Parlamentar Mista de Inqu\u00e9rito (CPMI) que investiga os atos golpistas de 8 de janeiro.<\/p>\n<p>Esta \u00e9 a primeira vez que Torres fala em p\u00fablico sobre o papel dele \u00e0 frente da secretaria de seguran\u00e7a do DF quando ocorreu a invas\u00e3o das sedes dos Poderes, em Bras\u00edlia<\/p>\n<p>De acordo com Torres,\u00a0caso o Protocolo de A\u00e7\u00f5es Integradas (PAI) assinado\u00a0por ele, que continha o planejamento da seguran\u00e7a para o dia 8 de janeiro, tivesse sido seguido \u00e0 risca, \u201cser\u00edamos poupados dos lament\u00e1veis atos do dia 8 de janeiro\u201d.<\/p>\n<p>O ex-secret\u00e1rio, que ficou preso preventivamente devido aos atos golpistas, disse que viajou \u201ctranquilo\u201d para os Estados Unidos na noite do dia 6 de janeiro porque n\u00e3o tinha informa\u00e7\u00f5es sobre risco de a\u00e7\u00e3o radical em Bras\u00edlia.<\/p>\n<p>Segundo ele,\u00a0o Comandante Militar do Planalto, general Dutra, havia mostrado que o acampamento em frente ao Quartel General (QG) do Ex\u00e9rcito, em Bras\u00edlia, estava \u201cpraticamente desmontado\u201d. O ex-secret\u00e1rio acrescentou ainda que \u201cn\u00e3o havia confirma\u00e7\u00e3o de \u00f4nibus chegando \u00e0 cidade\u201d.<\/p>\n<p>A relatora da CPMI, senadora Eliziane Gama (PSD-MA), questionou a vers\u00e3o do depoente. Para a parlamentar, as autoridades ouvidas pela comiss\u00e3o est\u00e3o jogando a reponsabilidade uma para a outra.<\/p>\n<p>\u201cN\u00f3s estamos ouvindo pessoas dos servi\u00e7os de intelig\u00eancia, n\u00f3s estamos ouvindo pessoas da a\u00e7\u00e3o mais ostensiva, e a fala \u00e9 sempre a mesma: &#8216;Eu mandei alerta e eles n\u00e3o cumpriram&#8217;. Quem est\u00e1 do lado que deveria cumprir, que \u00e9 a a\u00e7\u00e3o ostensiva, e diz: &#8216;Olha, eu n\u00e3o estava aqui no Brasil, eu estava fora do Brasil, era para a Pol\u00edcia Militar fazer e ela n\u00e3o fez&#8217;. Ent\u00e3o, fica, na verdade, um jogo de responsabilidade\u201d, concluiu.<\/p>\n<p>Eliziane Gama acrescentou que os depoimentos podem\u00a0n\u00e3o dar resultado, mas que a CPMI produzir\u00e1 um documento com conclus\u00f5es. \u201cCom o cruzamento de dados e com as informa\u00e7\u00f5es que chegarem a esta Comiss\u00e3o e que est\u00e3o chegando a esta Comiss\u00e3o, de fato, n\u00f3s chegaremos a esses respons\u00e1veis e esse relat\u00f3rio ser\u00e1, de fato, um relat\u00f3rio conclusivo\u201d, afirmou.<\/p>\n<p><span style=\"font-weight: 400;\">Fonte: Ag\u00eancia Brasil\u00a0 <\/span><\/p>\n","protected":false},"excerpt":{"rendered":"<p>O ex-secret\u00e1rio de Seguran\u00e7a do Distrito Federal Anderson Torres defendeu nesta ter\u00e7a-feira (8) que a responsabilidade pelo n\u00famero de policiais na Esplanada dos Minist\u00e9rios no dia 8 de janeiro era da Pol\u00edcia Militar do Distrito Federal (PMDF). Torres argumentou que a Secretaria de Seguran\u00e7a era respons\u00e1vel pelo planejamento da opera\u00e7\u00e3o, e n\u00e3o a execu\u00e7\u00e3o.\u00a0 \u201cO [&hellip;]<\/p>\n","protected":false},"author":246,"featured_media":217012,"comment_status":"closed","ping_status":"closed","sticky":false,"template":"","format":"standard","meta":{"footnotes":""},"categories":[436,254,439],"tags":[],"class_list":["post-217011","post","type-post","status-publish","format-standard","has-post-thumbnail","hentry","category-destaque-da-semana","category-politica","category-ultima-hora"],"_links":{"self":[{"href":"https:\/\/diarioregionaldigital.com.br\/index.php?rest_route=\/wp\/v2\/posts\/217011","targetHints":{"allow":["GET"]}}],"collection":[{"href":"https:\/\/diarioregionaldigital.com.br\/index.php?rest_route=\/wp\/v2\/posts"}],"about":[{"href":"https:\/\/diarioregionaldigital.com.br\/index.php?rest_route=\/wp\/v2\/types\/post"}],"author":[{"embeddable":true,"href":"https:\/\/diarioregionaldigital.com.br\/index.php?rest_route=\/wp\/v2\/users\/246"}],"replies":[{"embeddable":true,"href":"https:\/\/diarioregionaldigital.com.br\/index.php?rest_route=%2Fwp%2Fv2%2Fcomments&post=217011"}],"version-history":[{"count":1,"href":"https:\/\/diarioregionaldigital.com.br\/index.php?rest_route=\/wp\/v2\/posts\/217011\/revisions"}],"predecessor-version":[{"id":217013,"href":"https:\/\/diarioregionaldigital.com.br\/index.php?rest_route=\/wp\/v2\/posts\/217011\/revisions\/217013"}],"wp:featuredmedia":[{"embeddable":true,"href":"https:\/\/diarioregionaldigital.com.br\/index.php?rest_route=\/wp\/v2\/media\/217012"}],"wp:attachment":[{"href":"https:\/\/diarioregionaldigital.com.br\/index.php?rest_route=%2Fwp%2Fv2%2Fmedia&parent=217011"}],"wp:term":[{"taxonomy":"category","embeddable":true,"href":"https:\/\/diarioregionaldigital.com.br\/index.php?rest_route=%2Fwp%2Fv2%2Fcategories&post=217011"},{"taxonomy":"post_tag","embeddable":true,"href":"https:\/\/diarioregionaldigital.com.br\/index.php?rest_route=%2Fwp%2Fv2%2Ftags&post=217011"}],"curies":[{"name":"wp","href":"https:\/\/api.w.org\/{rel}","templated":true}]}}