{"id":216982,"date":"2023-08-08T01:04:24","date_gmt":"2023-08-08T04:04:24","guid":{"rendered":"https:\/\/diarioregionaldigital.com.br\/?p=216982"},"modified":"2023-08-08T01:04:24","modified_gmt":"2023-08-08T04:04:24","slug":"pjf-entrega-primeira-certidao-do-edital-meu-nome-minha-identidade","status":"publish","type":"post","link":"https:\/\/diarioregionaldigital.com.br\/?p=216982","title":{"rendered":"PJF entrega primeira certid\u00e3o do edital \u201cMeu NOME, minha IDENTIDADE\u201d"},"content":{"rendered":"<p>Segundo informa\u00e7\u00f5es do site da Prefeitura de Juiz de Fora (PJF), 7 de agosto \u00e9 um dia especial para Piu Perdig\u00e3o, \u00e9 a data do seu anivers\u00e1rio. Este ano a comemora\u00e7\u00e3o tornou-se ainda mais especial. Piu foi uma das inscri\u00e7\u00f5es contempladas do edital \u201cMeu NOME, minha IDENTIDADE\u201d \u2013 Retifica\u00e7\u00e3o de Nome e G\u00eanero idealiza\u00e7\u00e3o da Prefeitura de Juiz de Fora (PJF) por meio da Secretaria Especial de Direitos Humanos (SEDH) atrav\u00e9s\u00a0 de emenda da vereadora Tallia Sobral. A iniciativa teve o objetivo de promover os assentos dos registros civis de 30 pessoas travestis, n\u00e3o bin\u00e1rias, mulheres e homens transexuais, residentes em Juiz de Fora, por meio de processo gratuito de retifica\u00e7\u00e3o de prenome e g\u00eanero, possibilitando \u00e0s pessoas o acesso e exerc\u00edcio pleno da cidadania.<\/p>\n<p>Radiante, Piu falou sobre o processo de renascimento com o novo documento, que ficou pronta exatamente no dia em que completa 48 anos. \u201cMe descobri trans n\u00e3o bin\u00e1rio o ano passado. N\u00e3o tenho problema com o feminino, s\u00f3 n\u00e3o me identificava mais como mulher. Estou no processo de transi\u00e7\u00e3o, j\u00e1 que nunca me identifiquei com meu nome. A maturidade faz a gente refletir sobre o nosso papel. Sempre tive o apelido de Piu, meus tr\u00eas filhos me chamam assim. N\u00e3o me reconhecia com o nome que fui registrado. Nasci de novo no dia do meu anivers\u00e1rio. Hoje me vejo como sempre fui\u201d, celebra.<\/p>\n<p>O edital \u201cMeu NOME Minha IDENTIDADE\u201d foi lan\u00e7ado em 28 de junho, Dia Internacional do Orgulho LGBTQIA+. \u201cTodo mundo me mandou o link de inscri\u00e7\u00e3o e 8h da manh\u00e3 j\u00e1 estava acessando o formul\u00e1rio. Precisava colar grau no curso de Educa\u00e7\u00e3o F\u00edsica e n\u00e3o queria meu nome antigo no documento. A retifica\u00e7\u00e3o tem o custo alto\u201d, relatou Piu.<\/p>\n<p>Para o secret\u00e1rio especial de Direitos Humanos, Biel Rocha, essa \u00e9 mais uma iniciativa do governo que reafirma o compromisso com a popula\u00e7\u00e3o LGBTQIA+ em promover e garantir mais cidadania e respeito a esse p\u00fablico. \u201cJuiz de Fora demostra ao aprovar de forma participativa o Plano Municipal de Promo\u00e7\u00e3o e Defesa dos Direitos da Popula\u00e7\u00e3o LGBTQIA+ de Juiz de Fora, e tamb\u00e9m seguindo o desejo da prefeita Margarida Salom\u00e3o, o trabalho que vem desenvolvendo de forma intersetorial em prol de pol\u00edticas p\u00fablicas e de garantia de direitos, j\u00e1 que este p\u00fablico \u00e9 o mais atingido por preconceitos, discrimina\u00e7\u00f5es e viol\u00eancias. Esta emenda parlamentar vem de encontro ao atendimento de uma demanda crescente do segmento que deseja ter a altera\u00e7\u00e3o de nome e de g\u00eanero. A entrega desta primeira certid\u00e3o demonstra esse esfor\u00e7o nosso em busca de garantia de direitos\u201d, enfatizou.<\/p>\n<p>De acordo com o assessor de pol\u00edticas p\u00fablicas LGBTQIAPN+ da SEDH, Jefferson Nascimento, o edital promove a igualdade, a pluralidade e a inclus\u00e3o. \u201cViver e ser reconhecido da forma como deseja \u00e9 um dos direitos mais b\u00e1sicos que um cidad\u00e3o pode reivindicar. Por\u00e9m, essa n\u00e3o \u00e9 uma realidade para grande parte da popula\u00e7\u00e3o transg\u00eanero em nosso pa\u00eds, que \u00e9 alvo de discrimina\u00e7\u00f5es e viola\u00e7\u00f5es de direitos diariamente. Esse projeto de retifica\u00e7\u00e3o de nome e g\u00eanero trata-se de um reconhecimento por parte do Estado, de um direito b\u00e1sico, a pessoa trans, ser reconhecida e respeitada na sua cidadania e individualidade\u201d.<\/p>\n<p>O edital \u201cMeu NOME, minha IDENTIDADE\u201d \u2013 Retifica\u00e7\u00e3o de Nome e G\u00eanero teve 114 inscri\u00e7\u00f5es, 45 foram selecionados e 30 certid\u00f5es est\u00e3o em processo de finaliza\u00e7\u00e3o.<\/p>\n","protected":false},"excerpt":{"rendered":"<p>Segundo informa\u00e7\u00f5es do site da Prefeitura de Juiz de Fora (PJF), 7 de agosto \u00e9 um dia especial para Piu Perdig\u00e3o, \u00e9 a data do seu anivers\u00e1rio. Este ano a comemora\u00e7\u00e3o tornou-se ainda mais especial. Piu foi uma das inscri\u00e7\u00f5es contempladas do edital \u201cMeu NOME, minha IDENTIDADE\u201d \u2013 Retifica\u00e7\u00e3o de Nome e G\u00eanero idealiza\u00e7\u00e3o da [&hellip;]<\/p>\n","protected":false},"author":246,"featured_media":216983,"comment_status":"closed","ping_status":"closed","sticky":false,"template":"","format":"standard","meta":{"footnotes":""},"categories":[253,436,439],"tags":[],"class_list":["post-216982","post","type-post","status-publish","format-standard","has-post-thumbnail","hentry","category-cidade","category-destaque-da-semana","category-ultima-hora"],"_links":{"self":[{"href":"https:\/\/diarioregionaldigital.com.br\/index.php?rest_route=\/wp\/v2\/posts\/216982","targetHints":{"allow":["GET"]}}],"collection":[{"href":"https:\/\/diarioregionaldigital.com.br\/index.php?rest_route=\/wp\/v2\/posts"}],"about":[{"href":"https:\/\/diarioregionaldigital.com.br\/index.php?rest_route=\/wp\/v2\/types\/post"}],"author":[{"embeddable":true,"href":"https:\/\/diarioregionaldigital.com.br\/index.php?rest_route=\/wp\/v2\/users\/246"}],"replies":[{"embeddable":true,"href":"https:\/\/diarioregionaldigital.com.br\/index.php?rest_route=%2Fwp%2Fv2%2Fcomments&post=216982"}],"version-history":[{"count":1,"href":"https:\/\/diarioregionaldigital.com.br\/index.php?rest_route=\/wp\/v2\/posts\/216982\/revisions"}],"predecessor-version":[{"id":216984,"href":"https:\/\/diarioregionaldigital.com.br\/index.php?rest_route=\/wp\/v2\/posts\/216982\/revisions\/216984"}],"wp:featuredmedia":[{"embeddable":true,"href":"https:\/\/diarioregionaldigital.com.br\/index.php?rest_route=\/wp\/v2\/media\/216983"}],"wp:attachment":[{"href":"https:\/\/diarioregionaldigital.com.br\/index.php?rest_route=%2Fwp%2Fv2%2Fmedia&parent=216982"}],"wp:term":[{"taxonomy":"category","embeddable":true,"href":"https:\/\/diarioregionaldigital.com.br\/index.php?rest_route=%2Fwp%2Fv2%2Fcategories&post=216982"},{"taxonomy":"post_tag","embeddable":true,"href":"https:\/\/diarioregionaldigital.com.br\/index.php?rest_route=%2Fwp%2Fv2%2Ftags&post=216982"}],"curies":[{"name":"wp","href":"https:\/\/api.w.org\/{rel}","templated":true}]}}