{"id":216973,"date":"2023-08-08T00:55:25","date_gmt":"2023-08-08T03:55:25","guid":{"rendered":"https:\/\/diarioregionaldigital.com.br\/?p=216973"},"modified":"2023-08-08T00:55:25","modified_gmt":"2023-08-08T03:55:25","slug":"jogos-das-quartas-de-final-da-copa-do-mundo-sao-assunto-no-copa-delas","status":"publish","type":"post","link":"https:\/\/diarioregionaldigital.com.br\/?p=216973","title":{"rendered":"Jogos das quartas de final da Copa do Mundo s\u00e3o assunto no Copa Delas"},"content":{"rendered":"<p>A Copa do Mundo disputada na Oceania entra na sua fase mais emocionante, pois, a partir da pr\u00f3xima quinta-feira (10), ser\u00e3o realizados os jogos das quartas de final. E a fase decisiva da principal competi\u00e7\u00e3o de sele\u00e7\u00f5es de futebol feminino \u00e9 o assunto da pr\u00f3xima edi\u00e7\u00e3o do videocast Copa Delas, que ser\u00e1 exibido ao vivo a partir das 14h30 (hor\u00e1rio de Bras\u00edlia) da pr\u00f3xima ter\u00e7a-feira (8) na tela da\u00a0<strong>TV Brasil<\/strong>.<img decoding=\"async\" src=\"https:\/\/agenciabrasil.ebc.com.br\/ebc.png?id=1547773&amp;o=node\" \/><img decoding=\"async\" src=\"https:\/\/agenciabrasil.ebc.com.br\/ebc.gif?id=1547773&amp;o=node\" \/><\/p>\n<p>Inicialmente, o videocast, que \u00e9 apresentado pela jornalista Mar\u00edlia Arrigoni, foi exibido apenas em plataformas de \u00e1udio e v\u00eddeo da\u00a0<strong>Radioag\u00eancia Nacional<\/strong>, em epis\u00f3dios que dissecaram os oito grupos do Mundial feminino. Mas as \u00faltimas duas edi\u00e7\u00f5es do programa tamb\u00e9m foram transmitidas na tela da TV p\u00fablica.<\/p>\n<p>\u201cO futebol feminino cresce em todo mundo. Essa Copa reflete muito esse momento com sele\u00e7\u00f5es e confrontos equilibrados. O Copa Delas tamb\u00e9m \u00e9 consequ\u00eancia desse momento. H\u00e1 um p\u00fablico que consome a modalidade e encontrou no programa um lugar que re\u00fane informa\u00e7\u00f5es e debates sobre o assunto\u201d, afirma Mar\u00edlia Arrigoni.<\/p>\n<p>\u00c9 poss\u00edvel ouvir os conte\u00fados anteriores do Copa Delas no\u00a0<a href=\"https:\/\/podcasters.spotify.com\/pod\/show\/radioagencianacional\/episodes\/Copa-Delas-analisa-o-grupo-A-da-Copa-do-Mundo-de-Futebol-Feminino-2023-e25vgc3\" target=\"_blank\" rel=\"noopener\">Spotify<\/a>\u00a0ou assistir em v\u00eddeo pelo\u00a0<a href=\"https:\/\/www.youtube.com\/watch?v=FZMtlII-Vq4\" target=\"_blank\" rel=\"noopener\">YouTube<\/a>.<\/p>\n<p><span style=\"font-weight: 400;\">Fonte: Ag\u00eancia Brasil <\/span><\/p>\n","protected":false},"excerpt":{"rendered":"<p>A Copa do Mundo disputada na Oceania entra na sua fase mais emocionante, pois, a partir da pr\u00f3xima quinta-feira (10), ser\u00e3o realizados os jogos das quartas de final. E a fase decisiva da principal competi\u00e7\u00e3o de sele\u00e7\u00f5es de futebol feminino \u00e9 o assunto da pr\u00f3xima edi\u00e7\u00e3o do videocast Copa Delas, que ser\u00e1 exibido ao vivo [&hellip;]<\/p>\n","protected":false},"author":246,"featured_media":216974,"comment_status":"closed","ping_status":"closed","sticky":false,"template":"","format":"standard","meta":{"footnotes":""},"categories":[436,257,439],"tags":[],"class_list":["post-216973","post","type-post","status-publish","format-standard","has-post-thumbnail","hentry","category-destaque-da-semana","category-esporte","category-ultima-hora"],"_links":{"self":[{"href":"https:\/\/diarioregionaldigital.com.br\/index.php?rest_route=\/wp\/v2\/posts\/216973","targetHints":{"allow":["GET"]}}],"collection":[{"href":"https:\/\/diarioregionaldigital.com.br\/index.php?rest_route=\/wp\/v2\/posts"}],"about":[{"href":"https:\/\/diarioregionaldigital.com.br\/index.php?rest_route=\/wp\/v2\/types\/post"}],"author":[{"embeddable":true,"href":"https:\/\/diarioregionaldigital.com.br\/index.php?rest_route=\/wp\/v2\/users\/246"}],"replies":[{"embeddable":true,"href":"https:\/\/diarioregionaldigital.com.br\/index.php?rest_route=%2Fwp%2Fv2%2Fcomments&post=216973"}],"version-history":[{"count":1,"href":"https:\/\/diarioregionaldigital.com.br\/index.php?rest_route=\/wp\/v2\/posts\/216973\/revisions"}],"predecessor-version":[{"id":216975,"href":"https:\/\/diarioregionaldigital.com.br\/index.php?rest_route=\/wp\/v2\/posts\/216973\/revisions\/216975"}],"wp:featuredmedia":[{"embeddable":true,"href":"https:\/\/diarioregionaldigital.com.br\/index.php?rest_route=\/wp\/v2\/media\/216974"}],"wp:attachment":[{"href":"https:\/\/diarioregionaldigital.com.br\/index.php?rest_route=%2Fwp%2Fv2%2Fmedia&parent=216973"}],"wp:term":[{"taxonomy":"category","embeddable":true,"href":"https:\/\/diarioregionaldigital.com.br\/index.php?rest_route=%2Fwp%2Fv2%2Fcategories&post=216973"},{"taxonomy":"post_tag","embeddable":true,"href":"https:\/\/diarioregionaldigital.com.br\/index.php?rest_route=%2Fwp%2Fv2%2Ftags&post=216973"}],"curies":[{"name":"wp","href":"https:\/\/api.w.org\/{rel}","templated":true}]}}