{"id":216970,"date":"2023-08-08T00:54:18","date_gmt":"2023-08-08T03:54:18","guid":{"rendered":"https:\/\/diarioregionaldigital.com.br\/?p=216970"},"modified":"2023-08-08T00:54:18","modified_gmt":"2023-08-08T03:54:18","slug":"australia-faz-2-a-0-na-dinamarca-e-avanca-as-quartas-da-copa-feminina","status":"publish","type":"post","link":"https:\/\/diarioregionaldigital.com.br\/?p=216970","title":{"rendered":"Austr\u00e1lia faz 2 a 0 na Dinamarca e avan\u00e7a \u00e0s quartas da Copa Feminina"},"content":{"rendered":"<p>A Austr\u00e1lia, dona da casa, segue dando motivos para encher a torcida de esperan\u00e7a na Copa do Mundo de futebol feminino. Nesta segunda (7), em Sydney, as Matildas foram cir\u00fargicas e bateram a Dinamarca por 2 a 0, avan\u00e7ando para as quartas de final da competi\u00e7\u00e3o, onde esperam por Fran\u00e7a ou Marrocos. Foord e Raso marcaram os gols da partida. De quebra, a sele\u00e7\u00e3o co-anfitri\u00e3 (junto com a Nova Zel\u00e2ndia, j\u00e1 eliminada) ainda teve a estreia de sua principal estrela, Sam Kerr, que n\u00e3o havia atuado at\u00e9 ent\u00e3o por conta de uma les\u00e3o na panturrilha.<img decoding=\"async\" src=\"https:\/\/agenciabrasil.ebc.com.br\/ebc.png?id=1547674&amp;o=node\" \/><img decoding=\"async\" src=\"https:\/\/agenciabrasil.ebc.com.br\/ebc.gif?id=1547674&amp;o=node\" \/><\/p>\n<p>Os mais de 75 mil presentes ao Est\u00e1dio Austr\u00e1lia viram um in\u00edcio de jogo movimentado, com mais a\u00e7\u00f5es ofensivas por parte da Dinamarca. Aos 15 minutos, Pernille Harder recebeu na intermedi\u00e1ria, avan\u00e7ou at\u00e9 a entrada da \u00e1rea australiana e chutou, parando na goleira Arnold.<\/p>\n<p>A Austr\u00e1lia, no entanto, foi precisa. Se n\u00e3o tinha tanto a bola quanto as advers\u00e1rias, sabia exatamente o que fazer com ela. Aos 28, ao recuperar a posse ainda no campo de defesa, viu Fowler acertar esticada perfeita para Foord. A camisa 9 australiana correu para chegar e finalizar por entre as pernas de Christensen para abrir o placar.<\/p>\n<p>No segundo tempo, o panorama se manteve, com a Dinamarca, obrigada a marcar para ter chances de avan\u00e7ar, ocupando mais os espa\u00e7os no campo de ataque. O desenrolar dos acontecimentos, no entanto, foi igual ao da primeira etapa.<\/p>\n<p>Aos 25, em nova jogada constru\u00edda ainda em seu campo de defesa ap\u00f3s bola recuperada, Fowler encontrou Cooney-Cross pela esquerda, recebeu de volta e ent\u00e3o conseguiu passe milim\u00e9trico no meio da defesa dinamarquesa para achar Van Egmond na pequena \u00e1rea. Como estava de costas para o gol, a atacante teve calma para ajeitar para Raso, que chegou batendo de primeira, rasteiro e cruzado, para anotar o segundo.<\/p>\n<p>A vantagem relativamente confort\u00e1vel no placar foi acompanhada de nova emo\u00e7\u00e3o para a torcida da casa. Aos 34, a craque do time, Sam Kerr, enfim p\u00f4de estrear na Copa. Lesionada na panturrilha pouco antes do come\u00e7o da competi\u00e7\u00e3o, ela ficou de fora de toda a primeira fase e substituiu Raso, autora do segundo gol.<\/p>\n<p>Kerr teve boa chance de marcar ao receber pela direita e chutar por cima do gol. Harder, pelo lado dinamarqu\u00eas, tamb\u00e9m teve oportunidade para diminuir, mas o chute com a esquerda saiu sem dire\u00e7\u00e3o.<\/p>\n<p>Sem maiores sustos, as Matildas confirmaram o triunfo por 2 a 0 e a classifica\u00e7\u00e3o pela terceira vez na hist\u00f3ria \u00e0s quartas, etapa mais avan\u00e7ada que o pa\u00eds j\u00e1 alcan\u00e7ou em uma edi\u00e7\u00e3o de Copa. Com boas atua\u00e7\u00f5es nos \u00faltimos dois jogos (bateu o Canad\u00e1 por 4 a 0 no encerramento da fase de grupos, eliminando as atuais campe\u00e3s ol\u00edmpicas), a for\u00e7a da torcida e o retorno de sua principal jogadora, a Austr\u00e1lia chega com expectativa de fazer o in\u00e9dito.<\/p>\n<p>Fran\u00e7a e Marrocos duelam nesta ter\u00e7a (8), em Adelaide, pelo direito de enfrentar a Austr\u00e1lia nas quartas. O confronto da pr\u00f3xima fase est\u00e1 marcado para s\u00e1bado (12), em Brisbane.<\/p>\n<p><span style=\"font-weight: 400;\">Fonte: Ag\u00eancia Brasil<\/span><\/p>\n","protected":false},"excerpt":{"rendered":"<p>A Austr\u00e1lia, dona da casa, segue dando motivos para encher a torcida de esperan\u00e7a na Copa do Mundo de futebol feminino. Nesta segunda (7), em Sydney, as Matildas foram cir\u00fargicas e bateram a Dinamarca por 2 a 0, avan\u00e7ando para as quartas de final da competi\u00e7\u00e3o, onde esperam por Fran\u00e7a ou Marrocos. Foord e Raso [&hellip;]<\/p>\n","protected":false},"author":246,"featured_media":216971,"comment_status":"closed","ping_status":"closed","sticky":false,"template":"","format":"standard","meta":{"footnotes":""},"categories":[436,257,439],"tags":[],"class_list":["post-216970","post","type-post","status-publish","format-standard","has-post-thumbnail","hentry","category-destaque-da-semana","category-esporte","category-ultima-hora"],"_links":{"self":[{"href":"https:\/\/diarioregionaldigital.com.br\/index.php?rest_route=\/wp\/v2\/posts\/216970","targetHints":{"allow":["GET"]}}],"collection":[{"href":"https:\/\/diarioregionaldigital.com.br\/index.php?rest_route=\/wp\/v2\/posts"}],"about":[{"href":"https:\/\/diarioregionaldigital.com.br\/index.php?rest_route=\/wp\/v2\/types\/post"}],"author":[{"embeddable":true,"href":"https:\/\/diarioregionaldigital.com.br\/index.php?rest_route=\/wp\/v2\/users\/246"}],"replies":[{"embeddable":true,"href":"https:\/\/diarioregionaldigital.com.br\/index.php?rest_route=%2Fwp%2Fv2%2Fcomments&post=216970"}],"version-history":[{"count":1,"href":"https:\/\/diarioregionaldigital.com.br\/index.php?rest_route=\/wp\/v2\/posts\/216970\/revisions"}],"predecessor-version":[{"id":216972,"href":"https:\/\/diarioregionaldigital.com.br\/index.php?rest_route=\/wp\/v2\/posts\/216970\/revisions\/216972"}],"wp:featuredmedia":[{"embeddable":true,"href":"https:\/\/diarioregionaldigital.com.br\/index.php?rest_route=\/wp\/v2\/media\/216971"}],"wp:attachment":[{"href":"https:\/\/diarioregionaldigital.com.br\/index.php?rest_route=%2Fwp%2Fv2%2Fmedia&parent=216970"}],"wp:term":[{"taxonomy":"category","embeddable":true,"href":"https:\/\/diarioregionaldigital.com.br\/index.php?rest_route=%2Fwp%2Fv2%2Fcategories&post=216970"},{"taxonomy":"post_tag","embeddable":true,"href":"https:\/\/diarioregionaldigital.com.br\/index.php?rest_route=%2Fwp%2Fv2%2Ftags&post=216970"}],"curies":[{"name":"wp","href":"https:\/\/api.w.org\/{rel}","templated":true}]}}