{"id":216967,"date":"2023-08-08T00:52:51","date_gmt":"2023-08-08T03:52:51","guid":{"rendered":"https:\/\/diarioregionaldigital.com.br\/?p=216967"},"modified":"2023-08-08T00:52:51","modified_gmt":"2023-08-08T03:52:51","slug":"lauro-chaman-e-bronze-no-mundial-de-ciclismo-paralimpico","status":"publish","type":"post","link":"https:\/\/diarioregionaldigital.com.br\/?p=216967","title":{"rendered":"Lauro Chaman \u00e9 bronze no Mundial de ciclismo paral\u00edmpico"},"content":{"rendered":"<p>O brasileiro Lauro Chaman garantiu, nesta segunda-feira (7), a medalha de bronze da modalidade Omnium, classe C5 (para atletas que usam bicicletas convencionais), no Campeonato Mundial de ciclismo paral\u00edmpico de estrada e pista, que est\u00e1 sendo disputado em Glasgow (Esc\u00f3cia).<img decoding=\"async\" src=\"https:\/\/agenciabrasil.ebc.com.br\/ebc.png?id=1547789&amp;o=node\" \/><img decoding=\"async\" src=\"https:\/\/agenciabrasil.ebc.com.br\/ebc.gif?id=1547789&amp;o=node\" \/><\/p>\n<p>Na disputa Omnium, que re\u00fane quatro provas e cujo resultado geral \u00e9 a pontua\u00e7\u00e3o acumulada nelas, Chaman somou o total de 128 pontos. O primeiro colocado foi o ucraniano Yehor Dementyev, com 138 pontos, enquanto o austr\u00edaco Franz-Josef Lasser terminou em segundo com 130 pontos.<\/p>\n<p>Esta \u00e9 a segunda medalha do brasileiro na competi\u00e7\u00e3o disputada em Glasgow (Esc\u00f3cia), ap\u00f3s outro bronze, mas na prova de Scratch na \u00faltima quinta-feira (3).<\/p>\n<p>O Mundial \u00e9 o evento que mais distribui pontos para o ranking paral\u00edmpico de na\u00e7\u00f5es, usado para a defini\u00e7\u00e3o das vagas para a pr\u00f3xima edi\u00e7\u00e3o dos Jogos Paral\u00edmpicos, que ser\u00e3o disputados em Paris, em 2024.<\/p>\n<p><span style=\"font-weight: 400;\"><br \/>\n<\/span><span style=\"font-weight: 400;\">Fonte: Ag\u00eancia Brasil <\/span><\/p>\n","protected":false},"excerpt":{"rendered":"<p>O brasileiro Lauro Chaman garantiu, nesta segunda-feira (7), a medalha de bronze da modalidade Omnium, classe C5 (para atletas que usam bicicletas convencionais), no Campeonato Mundial de ciclismo paral\u00edmpico de estrada e pista, que est\u00e1 sendo disputado em Glasgow (Esc\u00f3cia). Na disputa Omnium, que re\u00fane quatro provas e cujo resultado geral \u00e9 a pontua\u00e7\u00e3o acumulada [&hellip;]<\/p>\n","protected":false},"author":246,"featured_media":216968,"comment_status":"closed","ping_status":"closed","sticky":false,"template":"","format":"standard","meta":{"footnotes":""},"categories":[436,257,439],"tags":[],"class_list":["post-216967","post","type-post","status-publish","format-standard","has-post-thumbnail","hentry","category-destaque-da-semana","category-esporte","category-ultima-hora"],"_links":{"self":[{"href":"https:\/\/diarioregionaldigital.com.br\/index.php?rest_route=\/wp\/v2\/posts\/216967","targetHints":{"allow":["GET"]}}],"collection":[{"href":"https:\/\/diarioregionaldigital.com.br\/index.php?rest_route=\/wp\/v2\/posts"}],"about":[{"href":"https:\/\/diarioregionaldigital.com.br\/index.php?rest_route=\/wp\/v2\/types\/post"}],"author":[{"embeddable":true,"href":"https:\/\/diarioregionaldigital.com.br\/index.php?rest_route=\/wp\/v2\/users\/246"}],"replies":[{"embeddable":true,"href":"https:\/\/diarioregionaldigital.com.br\/index.php?rest_route=%2Fwp%2Fv2%2Fcomments&post=216967"}],"version-history":[{"count":1,"href":"https:\/\/diarioregionaldigital.com.br\/index.php?rest_route=\/wp\/v2\/posts\/216967\/revisions"}],"predecessor-version":[{"id":216969,"href":"https:\/\/diarioregionaldigital.com.br\/index.php?rest_route=\/wp\/v2\/posts\/216967\/revisions\/216969"}],"wp:featuredmedia":[{"embeddable":true,"href":"https:\/\/diarioregionaldigital.com.br\/index.php?rest_route=\/wp\/v2\/media\/216968"}],"wp:attachment":[{"href":"https:\/\/diarioregionaldigital.com.br\/index.php?rest_route=%2Fwp%2Fv2%2Fmedia&parent=216967"}],"wp:term":[{"taxonomy":"category","embeddable":true,"href":"https:\/\/diarioregionaldigital.com.br\/index.php?rest_route=%2Fwp%2Fv2%2Fcategories&post=216967"},{"taxonomy":"post_tag","embeddable":true,"href":"https:\/\/diarioregionaldigital.com.br\/index.php?rest_route=%2Fwp%2Fv2%2Ftags&post=216967"}],"curies":[{"name":"wp","href":"https:\/\/api.w.org\/{rel}","templated":true}]}}