{"id":216961,"date":"2023-08-08T00:38:58","date_gmt":"2023-08-08T03:38:58","guid":{"rendered":"https:\/\/diarioregionaldigital.com.br\/?p=216961"},"modified":"2023-08-08T00:38:58","modified_gmt":"2023-08-08T03:38:58","slug":"infovia-no-norte-vai-conectar-3-milhoes-de-pessoas-com-internet-rapida","status":"publish","type":"post","link":"https:\/\/diarioregionaldigital.com.br\/?p=216961","title":{"rendered":"Infovia no Norte vai conectar 3 milh\u00f5es de pessoas com internet r\u00e1pida"},"content":{"rendered":"<p>O presidente Luiz In\u00e1cio Lula da Silva inaugurou, nesta segunda-feira (7), em Santar\u00e9m (PA), a Infovia 01, que faz parte do programa Norte Conectado. Ela liga a cidade paraense a Manaus por meio de 1,1 quil\u00f4metro de cabo de fibra \u00f3ptica implantado no leito dos rios amaz\u00f4nicos.<img decoding=\"async\" src=\"https:\/\/agenciabrasil.ebc.com.br\/ebc.png?id=1547709&amp;o=node\" \/><img decoding=\"async\" src=\"https:\/\/agenciabrasil.ebc.com.br\/ebc.gif?id=1547709&amp;o=node\" \/><\/p>\n<p>De acordo com o governo, a infraestrutura vai levar internet banda larga a 3 milh\u00f5es de pessoas da Regi\u00e3o Norte. Al\u00e9m de Santar\u00e9m, a infovia tamb\u00e9m leva conectividade para as cidades de Curu\u00e1, \u00d3bidos, Oriximin\u00e1, Juruti e Terra Santa, no Par\u00e1; e Parintins, Urucurituba, Itacoatiara e Autazes, no Amazonas.<\/p>\n<p>O Minist\u00e9rio das Comunica\u00e7\u00f5es informou que cada um desses munic\u00edpios ter\u00e1 uma rede metropolitana pr\u00f3pria, que vai levar internet \u00e0s escolas, unidades de sa\u00fade e seguran\u00e7a e demais equipamentos p\u00fablicos.<\/p>\n<p>O presidente Lula destacou os benef\u00edcios ambientais do projeto, que utilizou o leito dos rios para instala\u00e7\u00e3o da infraestrutura. \u201cEssa infovia vai economizar 58 milh\u00f5es de \u00e1rvores que n\u00e3o precisam ser cortadas. Se a gente fosse fazer torre [de transmiss\u00e3o] teria que cortar\u201d, disse.<\/p>\n<p>Para o presidente, a inclus\u00e3o digital possibilitar\u00e1 o acesso da popula\u00e7\u00e3o a melhores servi\u00e7os, como de sa\u00fade e educa\u00e7\u00e3o. Os cabos da infovia foram feitos para durar, pelos menos, 25 anos submersos.<\/p>\n<p>\u201cEles v\u00e3o ficar a\u00ed para permitir que o filho do pobre, atrav\u00e9s da internet, possa ter a mesma qualidade de aula que tem o filho do rico em qualquer lugar desse pa\u00eds. e n\u00e3o as pessoas tendo que ir atr\u00e1s do Estado. \u00c9 o Estado que tem que levar o desenvolvimento aonde est\u00e3o as pessoas\u201d, disse Lula.<\/p>\n<h2>Sustentabilidade<\/h2>\n<p>O ministro das Comunica\u00e7\u00f5es, Juscelino Filho, explicou que, ap\u00f3s um estudo de impacto ambiental, foi constatado que os cabos de fibra \u00f3ptica deveriam ser submersos.<\/p>\n<p>\u201cO resultado \u00e9 que a tecnologia chegou nessa regi\u00e3o compatibilizando infraestrutura com sustentabilidade\u201d, disse. \u201cEstamos trazendo tecnologia para um dos maiores biomas do planeta atrav\u00e9s dessa e de mais sete infovias que j\u00e1 come\u00e7aram a ser executadas em todos os estados da Regi\u00e3o Norte do pa\u00eds\u201d, acrescentou.<\/p>\n<p>O Norte Conectado conta, no total, com oito infovias que ir\u00e3o atender 59 munic\u00edpios nos estados do Acre, Amap\u00e1, Amazonas, Par\u00e1, Rond\u00f4nia e Roraima. Os recursos para o programa somam R$ 1,3 bilh\u00e3o.<\/p>\n<p>As infovias s\u00e3o compostas por 24 pares de fibra \u00f3ptica. Segundo o minist\u00e9rio, cada par possui capacidade de at\u00e9 20 terabyte por segundo, ou seja, pode transmitir simultaneamente o equivalente a 200 mil v\u00eddeos de\u00a0<em>streaming<\/em>\u00a0em alta defini\u00e7\u00e3o com elevada qualidade.<\/p>\n<p>Juscelino Filho destacou tamb\u00e9m que a inaugura\u00e7\u00e3o da infovia assegura \u00e0 popula\u00e7\u00e3o um dos direitos fundamentais dos tempos atuais, que \u00e9 inclus\u00e3o digital e uso de tecnologias da informa\u00e7\u00e3o e comunica\u00e7\u00e3o. Para ele, isso ser\u00e1 fundamental para o desenvolvimento da bioeconomia da regi\u00e3o.<\/p>\n<p>&#8220;Ao promover o direito a essa inclus\u00e3o digital, n\u00f3s estamos fazendo inclus\u00e3o social dessas pessoas. E dessa forma contribu\u00edmos para redu\u00e7\u00e3o das desigualdades que s\u00e3o grandes e muitas em toda essa regi\u00e3o. Desigualdades que tamb\u00e9m ser\u00e3o superadas com uso sustent\u00e1vel das riquezas da regi\u00e3o\u201d, disse. \u201cTransi\u00e7\u00e3o ecol\u00f3gica e bioneg\u00f3cios jamais ser\u00e3o poss\u00edveis acontecer na regi\u00e3o se n\u00e3o tivermos essa conectividade\u201d, argumentou.<\/p>\n<h2>Telessa\u00fade<\/h2>\n<p>Mais cedo, a comitiva presidencial visitou o Navio Hospital Escola Abar\u00e9, atracado no Rio Tapaj\u00f3s, que ter\u00e1 sa\u00fade digital. Com a infovia, o Minist\u00e9rio da Sa\u00fade anunciou a\u00a0<a href=\"https:\/\/agenciabrasil.ebc.com.br\/politica\/noticia\/2023-08\/governo-amplia-telessaude-no-sus-no-para-e-amazonas\" target=\"_blank\" rel=\"noopener\">amplia\u00e7\u00e3o do acesso \u00e0 telessa\u00fade<\/a>\u00a0nos\u00a0dez munic\u00edpios dos estados do Par\u00e1 e Amazonas.<\/p>\n<p>A ministra da Sa\u00fade, N\u00edsia Trindade, destacou que o governo est\u00e1 integrado para explorar a for\u00e7a da infovia, para garantir o direito dos cidad\u00e3os \u00e0 conectividade e acesso a servi\u00e7os.<\/p>\n<p>\u201cHoje n\u00f3s tivemos a demonstra\u00e7\u00e3o da conex\u00e3o do Abar\u00e9 com unidades b\u00e1sicas de sa\u00fade no estado do Par\u00e1 e no estado do Amazonas\u201d, disse. \u201cN\u00f3s vamos, atrav\u00e9s da integra\u00e7\u00e3o da educa\u00e7\u00e3o, da sa\u00fade com as comunica\u00e7\u00f5es, estar levando sa\u00fade \u00e0 popula\u00e7\u00e3o ribeirinha, \u00e0 popula\u00e7\u00e3o ind\u00edgena, com qualidade. \u00c9 o lema do SUS, a sa\u00fade para todos, mas uma sa\u00fade de qualidade. \u00c9 \u00e9 isso que n\u00f3s vimos aqui\u201d, acrescentou.<\/p>\n<p>O Navio Hospital Escola Abar\u00e9 \u00e9 a primeira unidade b\u00e1sica de sa\u00fade fluvial do pa\u00eds. A embarca\u00e7\u00e3o, gerida pela Universidade Federal do Oeste do Par\u00e1 (Ufopa) em parceria com o Minist\u00e9rio da Sa\u00fade e munic\u00edpios do Par\u00e1, realiza atendimentos cl\u00ednicos e odontol\u00f3gicos para comunidades ribeirinhas do Rio Tapaj\u00f3s e, agora, tem um Ponto de Inclus\u00e3o Digital para atendimentos de telessa\u00fade.<\/p>\n<p>O navio realiza no m\u00ednimo seis expedi\u00e7\u00f5es por ano, com dura\u00e7\u00e3o aproximada de 20 dias, atendendo cerca de 20 mil usu\u00e1rios ribeirinhos por ano. S\u00e3o ofertados servi\u00e7os especializados como exames de ultrassonografia, consultas em pediatria, ginecologia, dermatologia e psiquiatria.<\/p>\n<p>A Ufopa reivindica ainda a cria\u00e7\u00e3o de uma faculdade de medicina em seu\u00a0<em>campus<\/em>, em Santar\u00e9m. Endossando a reivindica\u00e7\u00e3o, a ministra N\u00edsia explicou que \u00e9 mais f\u00e1cil fixar m\u00e9dicos em munic\u00edpios onde h\u00e1 cursos de medicina.<\/p>\n<p><span style=\"font-weight: 400;\">Fonte: Ag\u00eancia Brasil <\/span><\/p>\n","protected":false},"excerpt":{"rendered":"<p>O presidente Luiz In\u00e1cio Lula da Silva inaugurou, nesta segunda-feira (7), em Santar\u00e9m (PA), a Infovia 01, que faz parte do programa Norte Conectado. Ela liga a cidade paraense a Manaus por meio de 1,1 quil\u00f4metro de cabo de fibra \u00f3ptica implantado no leito dos rios amaz\u00f4nicos. De acordo com o governo, a infraestrutura vai [&hellip;]<\/p>\n","protected":false},"author":246,"featured_media":216962,"comment_status":"closed","ping_status":"closed","sticky":false,"template":"","format":"standard","meta":{"footnotes":""},"categories":[436,254,439],"tags":[],"class_list":["post-216961","post","type-post","status-publish","format-standard","has-post-thumbnail","hentry","category-destaque-da-semana","category-politica","category-ultima-hora"],"_links":{"self":[{"href":"https:\/\/diarioregionaldigital.com.br\/index.php?rest_route=\/wp\/v2\/posts\/216961","targetHints":{"allow":["GET"]}}],"collection":[{"href":"https:\/\/diarioregionaldigital.com.br\/index.php?rest_route=\/wp\/v2\/posts"}],"about":[{"href":"https:\/\/diarioregionaldigital.com.br\/index.php?rest_route=\/wp\/v2\/types\/post"}],"author":[{"embeddable":true,"href":"https:\/\/diarioregionaldigital.com.br\/index.php?rest_route=\/wp\/v2\/users\/246"}],"replies":[{"embeddable":true,"href":"https:\/\/diarioregionaldigital.com.br\/index.php?rest_route=%2Fwp%2Fv2%2Fcomments&post=216961"}],"version-history":[{"count":1,"href":"https:\/\/diarioregionaldigital.com.br\/index.php?rest_route=\/wp\/v2\/posts\/216961\/revisions"}],"predecessor-version":[{"id":216963,"href":"https:\/\/diarioregionaldigital.com.br\/index.php?rest_route=\/wp\/v2\/posts\/216961\/revisions\/216963"}],"wp:featuredmedia":[{"embeddable":true,"href":"https:\/\/diarioregionaldigital.com.br\/index.php?rest_route=\/wp\/v2\/media\/216962"}],"wp:attachment":[{"href":"https:\/\/diarioregionaldigital.com.br\/index.php?rest_route=%2Fwp%2Fv2%2Fmedia&parent=216961"}],"wp:term":[{"taxonomy":"category","embeddable":true,"href":"https:\/\/diarioregionaldigital.com.br\/index.php?rest_route=%2Fwp%2Fv2%2Fcategories&post=216961"},{"taxonomy":"post_tag","embeddable":true,"href":"https:\/\/diarioregionaldigital.com.br\/index.php?rest_route=%2Fwp%2Fv2%2Ftags&post=216961"}],"curies":[{"name":"wp","href":"https:\/\/api.w.org\/{rel}","templated":true}]}}