{"id":216958,"date":"2023-08-08T00:37:40","date_gmt":"2023-08-08T03:37:40","guid":{"rendered":"https:\/\/diarioregionaldigital.com.br\/?p=216958"},"modified":"2023-08-08T00:37:40","modified_gmt":"2023-08-08T03:37:40","slug":"e-preciso-amazonizar-as-politicas-publicas-defende-presidente-da-abc","status":"publish","type":"post","link":"https:\/\/diarioregionaldigital.com.br\/?p=216958","title":{"rendered":"\u00c9 preciso amazonizar as pol\u00edticas p\u00fablicas, defende presidente da ABC"},"content":{"rendered":"<p>O Di\u00e1logos Amaz\u00f4nicos, evento preparat\u00f3rio para\u00a0\u00a0C\u00fapula da Amaz\u00f4nia,\u00a0que reunir\u00e1 chefes de Estado dos pa\u00edses da regi\u00e3o\u00a0entre esta ter\u00e7a-feira (8) e quarta (9), \u00e9 uma chance dos pa\u00edses \u201camazonizarem\u201d suas pol\u00edticas p\u00fablicas, valorizando o conhecimento e as pr\u00e1ticas dos povos tradicionais.<img decoding=\"async\" src=\"https:\/\/agenciabrasil.ebc.com.br\/ebc.png?id=1547699&amp;o=node\" \/><img decoding=\"async\" src=\"https:\/\/agenciabrasil.ebc.com.br\/ebc.gif?id=1547699&amp;o=node\" \/><\/p>\n<p>A opini\u00e3o \u00e9 do diretor da Ag\u00eancia Brasileira de Coopera\u00e7\u00e3o (ABC), embaixador Ruy Carlos Pereira. Presente no\u00a0<a href=\"https:\/\/agenciabrasil.ebc.com.br\/geral\/noticia\/2023-08\/comeca-nesta-sexta-feira-em-belem-o-dialogos-amazonicos\" target=\"_blank\" rel=\"noopener\">evento preparat\u00f3rio<\/a>,\u00a0em Bel\u00e9m, Pereira classificou\u00a0a participa\u00e7\u00e3o de representantes de entidades, movimentos sociais, universidades, centros de pesquisa e ag\u00eancias governamentais como \u201cuma experi\u00eancia extremamente interessante\u201d, com potencial de impactar inclusive a defini\u00e7\u00e3o de futuras a\u00e7\u00f5es da ag\u00eancia.<\/p>\n<p>\u201cPor um lado, estamos podendo apresentar diretamente \u00e0s popula\u00e7\u00f5es e comunidades interessadas, enfim, aos atores que podem estar presentes na coopera\u00e7\u00e3o internacional para o desenvolvimento, o que \u00e9 e o que pode fazer a ABC e como podemos colaborar para fazer avan\u00e7ar os interesses do desenvolvimento sustent\u00e1vel da Amaz\u00f4nia, seja onde for, e interessando a quem for. O outro lado \u00e9 que estamos encontrando elementos que podemos incorporar \u00e0 coopera\u00e7\u00e3o internacional para o desenvolvimento do Brasil\u201d,\u00a0explicou o embaixador, em entrevista ao\u00a0<a href=\"https:\/\/canalgov.ebc.com.br\/\" target=\"_blank\" rel=\"noopener\">canal.gov<\/a>.<\/p>\n<p>\u201cTenho confian\u00e7a de que colheremos bons frutos [do evento]. Ali\u00e1s, nos dois ou tr\u00eas eventos de que j\u00e1 participei, acho que conseguimos fixar a ideia de um novo verbo para a l\u00edngua portuguesa, que \u00e9 o verbo amazonizar. Ou seja, \u00e9 preciso efetivamente amazonizar as pol\u00edticas p\u00fablicas\u201d,\u00a0acrescentou o embaixador, explicando o sentido da proposta.<\/p>\n<blockquote><p>\u201cAmazonizar \u00e9\u00a0fazer com que os conhecimentos tradicionais dos povos que dependem da floresta para viver e para continuar a existir sejam incorporados \u00e0s solu\u00e7\u00f5es que normalmente recebemos do mundo desenvolvido como solu\u00e7\u00f5es adequadas \u00e0 manuten\u00e7\u00e3o da floresta amaz\u00f4nica&#8221;, explicou.<\/p><\/blockquote>\n<p>&#8220;Este verbo se\u00a0aplica tanto\u00a0\u00e0 pr\u00f3pria\u00a0Amaz\u00f4nia, como tamb\u00e9m\u00a0a\u00a0outros biomas, onde h\u00e1 a presen\u00e7a de comunidades tradicionais e povos ind\u00edgenas, como Cerrado, o Sul do Brasil,\u00a0o\u00a0litoral\u00a0da Bahia\u201d,\u00a0disse Pereira, enfatizando que a ABC, ag\u00eancia vinculada ao Minist\u00e9rio das Rela\u00e7\u00f5es Exteriores (Itamaraty), respons\u00e1vel por\u00a0organizar o sistema brasileiro de colabora\u00e7\u00e3o internacional,\u00a0planeja estreitar os la\u00e7os com as organiza\u00e7\u00f5es e entidades, p\u00fablicas e privadas, que representam as comunidades tradicionais e os povos ind\u00edgenas.<\/p>\n<p>\u201c[Isso] j\u00e1 estava no panorama da coopera\u00e7\u00e3o internacional para o desenvolvimento praticada pelo Brasil, mas de uma forma ainda um pouco incipiente. Esta possibilidade de estarmos aqui, no Di\u00e1logos Amaz\u00f4nicos, nos trouxe muito maior proximidade, intensidade, em termos de di\u00e1logo, e uma muito melhor compreens\u00e3o de como podemos atuar conjuntamente com os povos ind\u00edgenas, com o Minist\u00e9rio dos Povos Ind\u00edgenas, com a Funda\u00e7\u00e3o Nacional dos Povos Ind\u00edgenas (Funai), com as associa\u00e7\u00f5es que re\u00fanem as etnias ind\u00edgenas e tamb\u00e9m da regi\u00e3o &#8211; porque a Amaz\u00f4nia n\u00e3o \u00e9 s\u00f3 brasileira [referindo-se aos demais pa\u00edses que compartilham parte do bioma] -, para incorporar estes novos atores \u00e0 comunidade de interessados pela coopera\u00e7\u00e3o internacional para o desenvolvimento praticada pelo Brasil.\u201d<\/p>\n<p><span style=\"font-weight: 400;\">Fonte: Ag\u00eancia Brasil\u00a0<\/span><span style=\"font-weight: 400;\"><br \/>\n<\/span><\/p>\n","protected":false},"excerpt":{"rendered":"<p>O Di\u00e1logos Amaz\u00f4nicos, evento preparat\u00f3rio para\u00a0\u00a0C\u00fapula da Amaz\u00f4nia,\u00a0que reunir\u00e1 chefes de Estado dos pa\u00edses da regi\u00e3o\u00a0entre esta ter\u00e7a-feira (8) e quarta (9), \u00e9 uma chance dos pa\u00edses \u201camazonizarem\u201d suas pol\u00edticas p\u00fablicas, valorizando o conhecimento e as pr\u00e1ticas dos povos tradicionais. A opini\u00e3o \u00e9 do diretor da Ag\u00eancia Brasileira de Coopera\u00e7\u00e3o (ABC), embaixador Ruy Carlos Pereira. [&hellip;]<\/p>\n","protected":false},"author":246,"featured_media":216959,"comment_status":"closed","ping_status":"closed","sticky":false,"template":"","format":"standard","meta":{"footnotes":""},"categories":[436,254,439],"tags":[],"class_list":["post-216958","post","type-post","status-publish","format-standard","has-post-thumbnail","hentry","category-destaque-da-semana","category-politica","category-ultima-hora"],"_links":{"self":[{"href":"https:\/\/diarioregionaldigital.com.br\/index.php?rest_route=\/wp\/v2\/posts\/216958","targetHints":{"allow":["GET"]}}],"collection":[{"href":"https:\/\/diarioregionaldigital.com.br\/index.php?rest_route=\/wp\/v2\/posts"}],"about":[{"href":"https:\/\/diarioregionaldigital.com.br\/index.php?rest_route=\/wp\/v2\/types\/post"}],"author":[{"embeddable":true,"href":"https:\/\/diarioregionaldigital.com.br\/index.php?rest_route=\/wp\/v2\/users\/246"}],"replies":[{"embeddable":true,"href":"https:\/\/diarioregionaldigital.com.br\/index.php?rest_route=%2Fwp%2Fv2%2Fcomments&post=216958"}],"version-history":[{"count":1,"href":"https:\/\/diarioregionaldigital.com.br\/index.php?rest_route=\/wp\/v2\/posts\/216958\/revisions"}],"predecessor-version":[{"id":216960,"href":"https:\/\/diarioregionaldigital.com.br\/index.php?rest_route=\/wp\/v2\/posts\/216958\/revisions\/216960"}],"wp:featuredmedia":[{"embeddable":true,"href":"https:\/\/diarioregionaldigital.com.br\/index.php?rest_route=\/wp\/v2\/media\/216959"}],"wp:attachment":[{"href":"https:\/\/diarioregionaldigital.com.br\/index.php?rest_route=%2Fwp%2Fv2%2Fmedia&parent=216958"}],"wp:term":[{"taxonomy":"category","embeddable":true,"href":"https:\/\/diarioregionaldigital.com.br\/index.php?rest_route=%2Fwp%2Fv2%2Fcategories&post=216958"},{"taxonomy":"post_tag","embeddable":true,"href":"https:\/\/diarioregionaldigital.com.br\/index.php?rest_route=%2Fwp%2Fv2%2Ftags&post=216958"}],"curies":[{"name":"wp","href":"https:\/\/api.w.org\/{rel}","templated":true}]}}