{"id":216955,"date":"2023-08-08T00:36:28","date_gmt":"2023-08-08T03:36:28","guid":{"rendered":"https:\/\/diarioregionaldigital.com.br\/?p=216955"},"modified":"2023-08-08T00:36:28","modified_gmt":"2023-08-08T03:36:28","slug":"apex-veremos-um-crescimento-das-exportacoes-amazonicas","status":"publish","type":"post","link":"https:\/\/diarioregionaldigital.com.br\/?p=216955","title":{"rendered":"Apex: veremos um crescimento das exporta\u00e7\u00f5es amaz\u00f4nicas"},"content":{"rendered":"<p>O Brasil ainda aproveita pouco o potencial de exporta\u00e7\u00e3o dos produtos amaz\u00f4nicos, incluindo itens bastante procurados por consumidores estrangeiros, como a castanha e o a\u00e7a\u00ed. Segundo o presidente da Ag\u00eancia Brasileira de Promo\u00e7\u00e3o de Exporta\u00e7\u00f5es e Investimentos (ApexBrasil), Jorge Viana, o com\u00e9rcio de mercadorias compat\u00edveis com o uso florestal sustent\u00e1vel e aceitos internacionalmente tem o potencial de movimentar, em todo o mundo, cerca de US$ 150 bilh\u00f5es.<img decoding=\"async\" src=\"https:\/\/agenciabrasil.ebc.com.br\/ebc.png?id=1547715&amp;o=node\" \/><img decoding=\"async\" src=\"https:\/\/agenciabrasil.ebc.com.br\/ebc.gif?id=1547715&amp;o=node\" \/><\/p>\n<p>Jorge Viana diz que o potencial \u00e9 enorme,\u00a0\u00a0&#8220;mas dos cerca de US$ 334 bilh\u00f5es que o Brasil exportou no ano passado, o Norte\u00a0exportou US$ 28 bilh\u00f5es, dos quais US$ 21 bi sa\u00edram aqui do Par\u00e1. Algu\u00e9m vai dizer que \u00e9 muito, mas se comparado aos US$ 334 bilh\u00f5es totais, \u00e9 muito pouco. A mesma coisa para o Nordeste, que exportou US$ 27 bi&#8221;, comentou Viana, ao ser entrevistado pelo canal.gov, que est\u00e1 transmitindo, ao vivo, os debates do\u00a0<a href=\"https:\/\/agenciabrasil.ebc.com.br\/geral\/noticia\/2023-08\/comeca-nesta-sexta-feira-em-belem-o-dialogos-amazonicos\" target=\"_blank\" rel=\"noopener\">Di\u00e1logos Amaz\u00f4nicos<\/a>.<\/p>\n<blockquote><p>\u201cA castanha do Brasil, por exemplo, \u00e9\u00a0um produto que, com as barras de cereais, tem mercado o ano inteiro. E que o Brasil exporta pouco, porque deixou de ter pol\u00edticas [espec\u00edficas] para [estimular a comercializa\u00e7\u00e3o do] produto. A Bol\u00edvia chega a exportar cerca de US$ 150 milh\u00f5es em castanhas. O Brasil s\u00f3 chega a 10% disso. E enquanto a Costa do Marfim exporta 2,2 milh\u00f5es de toneladas de cacau, o Brasil produz cerca de 300 mil toneladas. Aqui, na Amaz\u00f4nia, s\u00e3o exportados US$ 100 milh\u00f5es em pimenta do reino. O Vietn\u00e3 exporta US$ 700 milh\u00f5es\u201d, acrescentou Viana, que \u00e9 engenheiro florestal e governou o Acre, seu estado natal, por dois mandatos, entre 1999 e 2007.<\/p><\/blockquote>\n<h2>Debate<\/h2>\n<p>Evento preparat\u00f3rio para a\u00a0C\u00fapula da Amaz\u00f4nia,\u00a0que reunir\u00e1 chefes de Estado dos pa\u00edses da regi\u00e3o\u00a0entre esta ter\u00e7a-feira (8) e quarta (9),\u00a0o Di\u00e1logos Amaz\u00f4nicos re\u00fane, em Bel\u00e9m (PA), milhares de\u00a0representantes de entidades, movimentos sociais, universidades, centros de pesquisa e ag\u00eancias governamentais\u00a0para discutir temas como as mudan\u00e7as clim\u00e1ticas, sustentabilidade e desenvolvimento econ\u00f4mico e social da Amaz\u00f4nia. Para Viana, \u00e9 uma rara oportunidade do pa\u00eds discutir, &#8220;objetivamente, como fazer para transformar a riqueza da biodiversidade amaz\u00f4nica em melhorias para o povo&#8221; da regi\u00e3o e de todo o Brasil.<\/p>\n<p>\u201cEstou esperan\u00e7oso de que, a partir deste encontro, boas mudan\u00e7as possam acontecer. Inclusive na Apex-Brasil. Porque a Amaz\u00f4nia, assim como o nordeste, exporta pouco, embora tenham\u00a0um potencial de exportar muito.\u00a0Faz dez anos\u00a0que as exporta\u00e7\u00f5es brasileiras est\u00e3o meio que paralisadas&#8221;, diz Viana. &#8220;Vamos explorar bem este momento e ver um forte crescimento das exporta\u00e7\u00f5es na Amaz\u00f4nia. N\u00e3o s\u00f3 de mat\u00e9ria-prima, mas de produtos com valor-agregado\u201d,\u00a0acrescenta, antes de afirmar que tem se reunido com empres\u00e1rios e\u00a0entidades que representam o setor produtivo da regi\u00e3o norte a fim de discutir o apoio da ag\u00eancia.<\/p>\n<p>\u201cA ApexBrasil tem um papel muito importante a cumprir. J\u00e1 realizamos mais de mil eventos por ano: feiras, encontros, rodada de neg\u00f3cios, no mundo inteiro, mas precisamos ter um cuidado com o pequeno empreendedor, com as cooperativas, com as empresas pequenas, com aqueles que querem empreender e vamos fazer um trabalho junto com o Sebrae [Servi\u00e7o Brasileiro de Apoio \u00e0s Micro e Pequenas Empresas], com as lideran\u00e7as\u00a0nos estados, para pegar na m\u00e3o do empreendedor e abrir portas para que ele possa exportar.\u00a0\u00c9\u00a0assim que vamos ajudar e fazer a grande\u00a0mudan\u00e7a,\u00a0especialmente\u00a0aqui na Amaz\u00f4nia\u201d, concluiu\u00a0Viana, sustentando que a preocupa\u00e7\u00e3o do governo \u00e9 transformar a regi\u00e3o em um exportador de produtos com valor agregado, ou seja, de maior valor, e n\u00e3o s\u00f3 de mat\u00e9ria-prima.<\/p>\n<p><span style=\"font-weight: 400;\">Fonte: Ag\u00eancia Brasil <\/span><\/p>\n","protected":false},"excerpt":{"rendered":"<p>O Brasil ainda aproveita pouco o potencial de exporta\u00e7\u00e3o dos produtos amaz\u00f4nicos, incluindo itens bastante procurados por consumidores estrangeiros, como a castanha e o a\u00e7a\u00ed. Segundo o presidente da Ag\u00eancia Brasileira de Promo\u00e7\u00e3o de Exporta\u00e7\u00f5es e Investimentos (ApexBrasil), Jorge Viana, o com\u00e9rcio de mercadorias compat\u00edveis com o uso florestal sustent\u00e1vel e aceitos internacionalmente tem o [&hellip;]<\/p>\n","protected":false},"author":246,"featured_media":216956,"comment_status":"closed","ping_status":"closed","sticky":false,"template":"","format":"standard","meta":{"footnotes":""},"categories":[436,254,439],"tags":[],"class_list":["post-216955","post","type-post","status-publish","format-standard","has-post-thumbnail","hentry","category-destaque-da-semana","category-politica","category-ultima-hora"],"_links":{"self":[{"href":"https:\/\/diarioregionaldigital.com.br\/index.php?rest_route=\/wp\/v2\/posts\/216955","targetHints":{"allow":["GET"]}}],"collection":[{"href":"https:\/\/diarioregionaldigital.com.br\/index.php?rest_route=\/wp\/v2\/posts"}],"about":[{"href":"https:\/\/diarioregionaldigital.com.br\/index.php?rest_route=\/wp\/v2\/types\/post"}],"author":[{"embeddable":true,"href":"https:\/\/diarioregionaldigital.com.br\/index.php?rest_route=\/wp\/v2\/users\/246"}],"replies":[{"embeddable":true,"href":"https:\/\/diarioregionaldigital.com.br\/index.php?rest_route=%2Fwp%2Fv2%2Fcomments&post=216955"}],"version-history":[{"count":1,"href":"https:\/\/diarioregionaldigital.com.br\/index.php?rest_route=\/wp\/v2\/posts\/216955\/revisions"}],"predecessor-version":[{"id":216957,"href":"https:\/\/diarioregionaldigital.com.br\/index.php?rest_route=\/wp\/v2\/posts\/216955\/revisions\/216957"}],"wp:featuredmedia":[{"embeddable":true,"href":"https:\/\/diarioregionaldigital.com.br\/index.php?rest_route=\/wp\/v2\/media\/216956"}],"wp:attachment":[{"href":"https:\/\/diarioregionaldigital.com.br\/index.php?rest_route=%2Fwp%2Fv2%2Fmedia&parent=216955"}],"wp:term":[{"taxonomy":"category","embeddable":true,"href":"https:\/\/diarioregionaldigital.com.br\/index.php?rest_route=%2Fwp%2Fv2%2Fcategories&post=216955"},{"taxonomy":"post_tag","embeddable":true,"href":"https:\/\/diarioregionaldigital.com.br\/index.php?rest_route=%2Fwp%2Fv2%2Ftags&post=216955"}],"curies":[{"name":"wp","href":"https:\/\/api.w.org\/{rel}","templated":true}]}}