{"id":216952,"date":"2023-08-08T00:32:28","date_gmt":"2023-08-08T03:32:28","guid":{"rendered":"https:\/\/diarioregionaldigital.com.br\/?p=216952"},"modified":"2023-08-08T00:32:28","modified_gmt":"2023-08-08T03:32:28","slug":"politicos-reagem-a-fala-do-governador-zema-sobre-frente-sul-sudeste","status":"publish","type":"post","link":"https:\/\/diarioregionaldigital.com.br\/?p=216952","title":{"rendered":"Pol\u00edticos reagem \u00e0 fala do governador Zema sobre frente Sul-Sudeste"},"content":{"rendered":"<p><span style=\"font-weight: 400;\">\u00a0<\/span><\/p>\n<p>Em entrevista ao jornal\u00a0<em>Estado de S\u00e3o Paulo<\/em>\u00a0publicada neste final de semana, o atual governador de Minas Gerais, Romeu Zema, defendeu a cria\u00e7\u00e3o de uma frente dos governos do Sul e Sudeste para ter \u201cprotagonismo pol\u00edtico\u201d diante da atua\u00e7\u00e3o dos pol\u00edticos das demais regi\u00f5es. Zema comentava sobre a cria\u00e7\u00e3o do Cons\u00f3rcio Sul, Sudeste (Cossud) que, na vis\u00e3o dele, estaria atr\u00e1s dos cons\u00f3rcios de governadores do Norte e do Nordeste, supostamente mais politicamente organizados, segundo Zema.\u00a0 \u00a0<img decoding=\"async\" src=\"https:\/\/agenciabrasil.ebc.com.br\/ebc.png?id=1547698&amp;o=node\" \/><img decoding=\"async\" src=\"https:\/\/agenciabrasil.ebc.com.br\/ebc.gif?id=1547698&amp;o=node\" \/><\/p>\n<p>A fala do governador mineiro gerou ampla repercuss\u00e3o no meio pol\u00edtico. Em nota, o presidente do Cons\u00f3rcio Nordeste, Jo\u00e3o Azevedo, afirmou que \u201cao defender o protagonismo do Sul e Sudeste, indica um movimento de tensionamento com o Norte e o Nordeste, sabidamente regi\u00f5es que vem sendo penalizadas ao longo das \u00faltimas d\u00e9cadas dos projetos nacionais de desenvolvimento\u201d.<\/p>\n<p>Segundo o governador da Para\u00edba Jo\u00e3o Azev\u00eado, os cons\u00f3rcios Nordeste n\u00e3o tem qualquer inten\u00e7\u00e3o separatista. \u201cEnquanto Norte e Nordeste apostam no fortalecimento do projeto de um Brasil democr\u00e1tico, inclusivo e, portanto, de uni\u00e3o e reconstru\u00e7\u00e3o, a referida entrevista parece aprofundar a l\u00f3gica de um pa\u00eds subalterno, dividido e desigual\u201d.<\/p>\n<p>Em entrevista \u00e0\u00a0<em>GloboNews<\/em>, o governador do Par\u00e1, Helder Barbalho, atual presidente do Cons\u00f3rcio da Amaz\u00f4nia Legal, que re\u00fane os estados do Norte mais Maranh\u00e3o e Mato Grosso, disse que \u00e9 um equ\u00edvoco estimular a competi\u00e7\u00e3o entre os brasileiros das diferentes regi\u00f5es. \u201cN\u00f3s devemos pregar a uni\u00e3o federativa\u201d, defendeu.<\/p>\n<p>O presidente do Congresso Nacional, Rodrigo Pacheco (PSD-MG), foi \u00e0s redes sociais comentar a entrevista de Zema. \u201cN\u00e3o cultivamos em Minas a cultura da exclus\u00e3o. JK, o mais ilustre dos mineiros, ao interiorizar e integrar o Brasil, promoveu a l\u00f3gica da uni\u00e3o nacional\u201d, disse. Segundo Pacheco, \u201cSomos um s\u00f3 pa\u00eds\u201d.<\/p>\n<p>O governador do Esp\u00edrito Santo, Renato Casagrande, disse que a opini\u00e3o de Zema \u00e9 \u201cpessoal\u201d e que participa do Cons\u00f3rcio do Sudeste para que ele \u201cseja um instrumento de colabora\u00e7\u00e3o para o desenvolvimento do Brasil e um canal de di\u00e1logo com as demais regi\u00f5es\u201d.<\/p>\n<p>O governador do Rio Grande do Sul, Eduardo Leite, foi \u00e0s redes sociais e se manifestou dizendo que \u201cseremos todos mais fortes quanto mais formos um s\u00f3 Brasil\u201d. Segundo Leite, ele nunca achou que o Norte e Nordeste haviam se unido contra os demais estados do pa\u00eds. \u201cMuito pelo contr\u00e1rio, a Uni\u00e3o desses estados em torno da pauta que \u00e9 de interesse comum deles serviu de inspira\u00e7\u00e3o para que a gente possa, finalmente, fazer o mesmo. N\u00e3o tem nada a ver com frente de estados contra estados\u201d. Leite acrescentou que, caso Zema tenha dito o contr\u00e1rio, \u201cn\u00e3o me representa\u2019.<\/p>\n<p>A fala de Zema tamb\u00e9m repercutiu no governo federal. O ministro da Justi\u00e7a e Seguran\u00e7a P\u00fablica, Fl\u00e1vio Dino, disse que \u201c\u00e9 absurdo que a extrema-direita esteja fomentando divis\u00f5es regionais. Precisamos do Brasil unido e forte. Est\u00e1 na Constitui\u00e7\u00e3o, no art. 19, que \u00e9 proibido criar distin\u00e7\u00f5es entre brasileiros ou prefer\u00eancias entre si. Ainda segundo Dino, \u201ctraidor da Constitui\u00e7\u00e3o \u00e9 traidor da P\u00e1tria\u201d.<\/p>\n<p>O governador mineiro Romeu Zema comentou as repercuss\u00f5es \u00e0 entrevista dele dizendo que houve uma \u201cdistor\u00e7\u00e3o dos fatos\u201d. \u201cA uni\u00e3o do Sul e Sudeste jamais ser\u00e1 para diminuir outras regi\u00f5es. N\u00e3o \u00e9 ser contra ningu\u00e9m, e sim a favor de somar esfor\u00e7os\u201d, explicou.<\/p>\n<p><span style=\"font-weight: 400;\">Fonte: Ag\u00eancia Brasil <\/span><\/p>\n","protected":false},"excerpt":{"rendered":"<p>\u00a0 Em entrevista ao jornal\u00a0Estado de S\u00e3o Paulo\u00a0publicada neste final de semana, o atual governador de Minas Gerais, Romeu Zema, defendeu a cria\u00e7\u00e3o de uma frente dos governos do Sul e Sudeste para ter \u201cprotagonismo pol\u00edtico\u201d diante da atua\u00e7\u00e3o dos pol\u00edticos das demais regi\u00f5es. Zema comentava sobre a cria\u00e7\u00e3o do Cons\u00f3rcio Sul, Sudeste (Cossud) que, [&hellip;]<\/p>\n","protected":false},"author":246,"featured_media":216953,"comment_status":"closed","ping_status":"closed","sticky":false,"template":"","format":"standard","meta":{"footnotes":""},"categories":[436,440,254,439],"tags":[],"class_list":["post-216952","post","type-post","status-publish","format-standard","has-post-thumbnail","hentry","category-destaque-da-semana","category-destaques-do-dia","category-politica","category-ultima-hora"],"_links":{"self":[{"href":"https:\/\/diarioregionaldigital.com.br\/index.php?rest_route=\/wp\/v2\/posts\/216952","targetHints":{"allow":["GET"]}}],"collection":[{"href":"https:\/\/diarioregionaldigital.com.br\/index.php?rest_route=\/wp\/v2\/posts"}],"about":[{"href":"https:\/\/diarioregionaldigital.com.br\/index.php?rest_route=\/wp\/v2\/types\/post"}],"author":[{"embeddable":true,"href":"https:\/\/diarioregionaldigital.com.br\/index.php?rest_route=\/wp\/v2\/users\/246"}],"replies":[{"embeddable":true,"href":"https:\/\/diarioregionaldigital.com.br\/index.php?rest_route=%2Fwp%2Fv2%2Fcomments&post=216952"}],"version-history":[{"count":1,"href":"https:\/\/diarioregionaldigital.com.br\/index.php?rest_route=\/wp\/v2\/posts\/216952\/revisions"}],"predecessor-version":[{"id":216954,"href":"https:\/\/diarioregionaldigital.com.br\/index.php?rest_route=\/wp\/v2\/posts\/216952\/revisions\/216954"}],"wp:featuredmedia":[{"embeddable":true,"href":"https:\/\/diarioregionaldigital.com.br\/index.php?rest_route=\/wp\/v2\/media\/216953"}],"wp:attachment":[{"href":"https:\/\/diarioregionaldigital.com.br\/index.php?rest_route=%2Fwp%2Fv2%2Fmedia&parent=216952"}],"wp:term":[{"taxonomy":"category","embeddable":true,"href":"https:\/\/diarioregionaldigital.com.br\/index.php?rest_route=%2Fwp%2Fv2%2Fcategories&post=216952"},{"taxonomy":"post_tag","embeddable":true,"href":"https:\/\/diarioregionaldigital.com.br\/index.php?rest_route=%2Fwp%2Fv2%2Ftags&post=216952"}],"curies":[{"name":"wp","href":"https:\/\/api.w.org\/{rel}","templated":true}]}}