{"id":216949,"date":"2023-08-08T00:18:53","date_gmt":"2023-08-08T03:18:53","guid":{"rendered":"https:\/\/diarioregionaldigital.com.br\/?p=216949"},"modified":"2023-08-08T00:18:53","modified_gmt":"2023-08-08T03:18:53","slug":"dia-dos-pais-deve-movimentar-r-76-bilhoes-em-vendas-estima-cnc","status":"publish","type":"post","link":"https:\/\/diarioregionaldigital.com.br\/?p=216949","title":{"rendered":"Dia dos Pais deve movimentar R$ 7,6 bilh\u00f5es em vendas, estima CNC"},"content":{"rendered":"<p>O Dia dos Pais, no pr\u00f3ximo domingo (13), deve ter um volume de vendas de R$ 7,67 bilh\u00f5es. Isso representa um crescimento de 2,2% em rela\u00e7\u00e3o ao ano passado. A estimativa \u00e9 da Confedera\u00e7\u00e3o Nacional do Com\u00e9rcio de Bens, Servi\u00e7os e Turismo (CNC), e j\u00e1 est\u00e1 desinflacionada, ou seja, o valor desconsidera a infla\u00e7\u00e3o dos \u00faltimos 12 meses, o que permite uma compara\u00e7\u00e3o mais adequada entre 2022 e 2023.<img decoding=\"async\" src=\"https:\/\/agenciabrasil.ebc.com.br\/ebc.png?id=1547745&amp;o=node\" \/><img decoding=\"async\" src=\"https:\/\/agenciabrasil.ebc.com.br\/ebc.gif?id=1547745&amp;o=node\" \/><\/p>\n<p>Apesar de a estimativa de vendas ter crescido em rela\u00e7\u00e3o ao ano passado, ainda \u00e9 menor que os R$ 7,8 bilh\u00f5es movimentados em 2021. Al\u00e9m disso, \u00e9 10% abaixo do patamar de 2013, ponto mais alto da s\u00e9rie hist\u00f3rica da CNC, quando os lojistas faturaram R$ 8,54 bilh\u00f5es.<\/p>\n<p>&#8220;Apesar desse aumento [em 2023], o setor ainda n\u00e3o consegue restabelecer o volume de vendas que se tinha antes da pandemia. A raz\u00e3o para isso n\u00e3o \u00e9 mais a crise sanit\u00e1ria, mas, sim, o comportamento da conjuntura econ\u00f4mica dos \u00faltimos meses. A gente teve um processo de encarecimento da taxa de juros, por conta de uma infla\u00e7\u00e3o muito alta, e isso se refletiu no Dia dos Pais, especialmente nas \u00faltimas edi\u00e7\u00f5es&#8221;, avalia o economista respons\u00e1vel pela pesquisa, Fabio Bentes.<\/p>\n<p>Para as vendas neste ano,\u00a0o economista minimiza reflexos positivos do\u00a0<a href=\"https:\/\/agenciabrasil.ebc.com.br\/economia\/noticia\/2023-08\/copom-reduz-juros-basicos-da-economia-para-1325-ao-ano\" target=\"_blank\" rel=\"noopener\">corte na taxa de juros<\/a>\u00a0realizado pelo Comit\u00ea de Pol\u00edtica Monet\u00e1ria (Copom) do Banco Central (BC) na \u00faltima quarta-feira (2). &#8220;Os juros andaram altos por muito tempo. O BC come\u00e7ou a baixar agora, na reuni\u00e3o de agosto, mas deve ter longo tempo para isso surtir efeito no com\u00e9rcio&#8221;, ressalta.<\/p>\n<p>As lojas de vestu\u00e1rio, cal\u00e7ados e acess\u00f3rios devem abocanhar a maior parte das vendas, R$ 3,64 bilh\u00f5es. Produtos de utilidades dom\u00e9sticas e eletroeletr\u00f4nicos (R$ 1,19 bilh\u00e3o) e itens de perfumaria e cosm\u00e9ticos (R$ 1,16 bilh\u00e3o) v\u00eam em sequ\u00eancia na prefer\u00eancia dos consumidores. Esses tr\u00eas ramos concentram 77% das vendas totais.<\/p>\n<h2>Menos infla\u00e7\u00e3o<\/h2>\n<p>A CNC estima que os presentes para o Dia dos Pais pesem, em m\u00e9dia, 5,5% a mais no bolso do consumidor, em rela\u00e7\u00e3o ao ano passado. Um movimento de desacelera\u00e7\u00e3o da infla\u00e7\u00e3o diante de 2022 e 2021, quando os pre\u00e7os subiram 8,4% e 8,2%, respectivamente.<\/p>\n<p>Enquanto as roupas masculinas (+6,6%), os livros (+13,9%) e os perfumes (+20,6%) est\u00e3o sendo vendidos com pre\u00e7os mais elevados, as televis\u00f5es (-14,5%), os computadores (-10,4) e aparelhos telef\u00f4nicos (-4,3%) est\u00e3o mais baratos nas lojas.<\/p>\n<p>Fabio Bentes explicou \u00e0<strong>\u00a0Ag\u00eancia Brasil<\/strong>\u00a0que essa queda nos pre\u00e7os est\u00e1 relacionada \u00e0\u00a0desvaloriza\u00e7\u00e3o do d\u00f3lar, que deixa produtos importados \u2013 ou com componentes importados \u2013 mais em conta. \u201cCertamente, a valoriza\u00e7\u00e3o do real ajuda a explicar\u201d, diz. No ano, a moeda americana desvalorizou-se mais de 7%.<\/p>\n<p>Apesar de esses produtos de tecnologia estarem mais baratos, n\u00e3o est\u00e3o dentro da meta de compra da maioria dos consumidores, pelo menos no Rio de Janeiro. Um levantamento do Instituto Fecom\u00e9rcio de Pesquisas e An\u00e1lises (IFec RJ) aponta que a inten\u00e7\u00e3o de compra \u00e9 de cerca de R$ 140 por presente.<\/p>\n<h2>Contrata\u00e7\u00f5es<\/h2>\n<p>O Dia dos Pais \u00e9 a quarta data mais importante para o com\u00e9rcio, atr\u00e1s do Natal, Dia das M\u00e3es e Dia das Crian\u00e7as, na ordem. Essa import\u00e2ncia nas vendas \u00e9 refletida na gera\u00e7\u00e3o de empregos tempor\u00e1rios. A CNC estima que 10.380 mil pessoas sejam contratadas para atender \u00e0 demanda de vendas. Al\u00e9m de ser o terceiro ano seguido de crescimento, esse \u00e9 o maior n\u00famero de tempor\u00e1rios desde 2014 (10,7 mil).<\/p>\n<h2>Hist\u00f3ria da data<\/h2>\n<p>Atualmente sempre no segundo domingo de agosto, o Dia dos Pais come\u00e7ou a ser celebrado em 1953. \u00c9 uma cria\u00e7\u00e3o do publicit\u00e1rio Sylvio Bhering. Inicialmente, a data escolhida era 16 de agosto, quando a Igreja Cat\u00f3lica celebrava S\u00e3o Joaquim, pai de Maria, a m\u00e3e de Jesus. O dia dedicado ao santo mudou para 26 de julho, mas o oitavo m\u00eas do ano fez sucesso entre os comerciantes, que ganharam um per\u00edodo para aquecer as vendas. Al\u00e9m disso, o domingo atraiu a prefer\u00eancia por ser, tradicionalmente, um dia de encontros familiares.<\/p>\n<p>\u201cO Dia das M\u00e3es j\u00e1 existia, ent\u00e3o a ideia foi: por que n\u00e3o ter tamb\u00e9m um Dia dos Pais? E, aqui no Brasil, mais declaradamente, surgiu como uma ideia mercadol\u00f3gica, publicit\u00e1ria mesmo. Ent\u00e3o muito ditado at\u00e9 mesmo para movimentar o com\u00e9rcio\u201d,\u00a0<a href=\"https:\/\/agenciabrasil.ebc.com.br\/geral\/noticia\/2022-08\/dia-dos-pais-entenda-origem-da-data-no-Brasil-e-no-mundo\" target=\"_blank\" rel=\"noopener\">explicou \u00e0\u00a0<strong>Ag\u00eancia Brasil<\/strong>\u00a0S\u00e9rgio Dantas,<\/a>\u00a0professor de marketing da Universidade Presbiteriana Mackenzie.<\/p>\n<p>Fora do Brasil, h\u00e1 outras datas para o Dia dos Pais. Em pelo menos 70 pa\u00edses, como os Estados Unidos, Canad\u00e1 e Reino Unido, a\u00a0comemora\u00e7\u00e3o \u00e9 no terceiro domingo de julho. H\u00e1 tamb\u00e9m pa\u00edses que celebram a data em 19 de mar\u00e7o, Dia de S\u00e3o Jos\u00e9, como Portugal, Espanha, It\u00e1lia, Andorra, Bol\u00edvia e Honduras.<\/p>\n<p><span style=\"font-weight: 400;\">Fonte: Ag\u00eancia Brasil <\/span><\/p>\n","protected":false},"excerpt":{"rendered":"<p>O Dia dos Pais, no pr\u00f3ximo domingo (13), deve ter um volume de vendas de R$ 7,67 bilh\u00f5es. Isso representa um crescimento de 2,2% em rela\u00e7\u00e3o ao ano passado. A estimativa \u00e9 da Confedera\u00e7\u00e3o Nacional do Com\u00e9rcio de Bens, Servi\u00e7os e Turismo (CNC), e j\u00e1 est\u00e1 desinflacionada, ou seja, o valor desconsidera a infla\u00e7\u00e3o dos [&hellip;]<\/p>\n","protected":false},"author":246,"featured_media":216950,"comment_status":"closed","ping_status":"closed","sticky":false,"template":"","format":"standard","meta":{"footnotes":""},"categories":[436,261,439],"tags":[],"class_list":["post-216949","post","type-post","status-publish","format-standard","has-post-thumbnail","hentry","category-destaque-da-semana","category-economia","category-ultima-hora"],"_links":{"self":[{"href":"https:\/\/diarioregionaldigital.com.br\/index.php?rest_route=\/wp\/v2\/posts\/216949","targetHints":{"allow":["GET"]}}],"collection":[{"href":"https:\/\/diarioregionaldigital.com.br\/index.php?rest_route=\/wp\/v2\/posts"}],"about":[{"href":"https:\/\/diarioregionaldigital.com.br\/index.php?rest_route=\/wp\/v2\/types\/post"}],"author":[{"embeddable":true,"href":"https:\/\/diarioregionaldigital.com.br\/index.php?rest_route=\/wp\/v2\/users\/246"}],"replies":[{"embeddable":true,"href":"https:\/\/diarioregionaldigital.com.br\/index.php?rest_route=%2Fwp%2Fv2%2Fcomments&post=216949"}],"version-history":[{"count":1,"href":"https:\/\/diarioregionaldigital.com.br\/index.php?rest_route=\/wp\/v2\/posts\/216949\/revisions"}],"predecessor-version":[{"id":216951,"href":"https:\/\/diarioregionaldigital.com.br\/index.php?rest_route=\/wp\/v2\/posts\/216949\/revisions\/216951"}],"wp:featuredmedia":[{"embeddable":true,"href":"https:\/\/diarioregionaldigital.com.br\/index.php?rest_route=\/wp\/v2\/media\/216950"}],"wp:attachment":[{"href":"https:\/\/diarioregionaldigital.com.br\/index.php?rest_route=%2Fwp%2Fv2%2Fmedia&parent=216949"}],"wp:term":[{"taxonomy":"category","embeddable":true,"href":"https:\/\/diarioregionaldigital.com.br\/index.php?rest_route=%2Fwp%2Fv2%2Fcategories&post=216949"},{"taxonomy":"post_tag","embeddable":true,"href":"https:\/\/diarioregionaldigital.com.br\/index.php?rest_route=%2Fwp%2Fv2%2Ftags&post=216949"}],"curies":[{"name":"wp","href":"https:\/\/api.w.org\/{rel}","templated":true}]}}