{"id":216946,"date":"2023-08-08T00:12:12","date_gmt":"2023-08-08T03:12:12","guid":{"rendered":"https:\/\/diarioregionaldigital.com.br\/?p=216946"},"modified":"2023-08-08T00:12:12","modified_gmt":"2023-08-08T03:12:12","slug":"ministra-participou-do-lancamento-oficial-do-censo-2022-indigenas","status":"publish","type":"post","link":"https:\/\/diarioregionaldigital.com.br\/?p=216946","title":{"rendered":"Ministra participou do lan\u00e7amento oficial do Censo 2022 Ind\u00edgenas"},"content":{"rendered":"<p>A ministra dos Povos Ind\u00edgenas,\u00a0Sonia\u00a0Guajajara, disse nesta segunda-feira (7) que o crescimento da popula\u00e7\u00e3o ind\u00edgena de 88,82% em 12 anos, de \u00a0896.917\u00a0em 2010, para 1.693.535\u00a0em 2022, se deve a\u00a0diferentes\u00a0fatores.\u00a0A ministra participou do<a href=\"https:\/\/agenciabrasil.ebc.com.br\/geral\/noticia\/2023-08\/censo-2022-brasil-tem-169-milhao-de-indigenas\" target=\"_blank\" rel=\"noopener\">\u00a0lan\u00e7amento oficial\u00a0<\/a>do\u00a0Censo 2022 Ind\u00edgenas: Primeiros resultados\u00a0em Bel\u00e9m,\u00a0divulgado pelo Instituto Brasileiro de Geografia e Estat\u00edstica (IBGE).<img decoding=\"async\" src=\"https:\/\/agenciabrasil.ebc.com.br\/ebc.png?id=1547714&amp;o=node\" \/><img decoding=\"async\" src=\"https:\/\/agenciabrasil.ebc.com.br\/ebc.gif?id=1547714&amp;o=node\" \/><\/p>\n<p>\u201cO item do pertencimento favoreceu que povos ind\u00edgenas que est\u00e3o em contexto urbano tamb\u00e9m pudessem se apresentar como ind\u00edgena&#8221;, disse Sonia Guajajara<\/p>\n<p>&#8220;H\u00e1 tamb\u00e9m estimativas das lideran\u00e7as ind\u00edgenas de aumento consider\u00e1vel nas aldeias de crian\u00e7as e jovens. Ent\u00e3o, s\u00e3o v\u00e1rios fatores que precisam ser considerados para al\u00e9m das condi\u00e7\u00f5es suficientes para que as equipes do IBGE pudessem chegar nas aldeias mais distantes\u201d, completou.<\/p>\n<p>Dos 1.693.535 de pessoas que se autodeclararam ind\u00edgenas, 689,2 mil moravam\u00a0em terras ind\u00edgenas,\u00a0segundo o Censo.<\/p>\n<p>Para a\u00a0ministra do Planejamento e Or\u00e7amento,\u00a0Simone\u00a0Tebet,\u00a0que tamb\u00e9m participou do lan\u00e7amento do Censo 2002 Ind\u00edgenas, muitos dos ind\u00edgenas eram invis\u00edveis em censos anteriores porque o Estado n\u00e3o chegava at\u00e9 eles. \u201cComo fazer pol\u00edtica p\u00fablica eficiente se voc\u00ea n\u00e3o sabe onde eles est\u00e3o, o que pensam, o que est\u00e3o precisando? Isso foi alcan\u00e7ado gra\u00e7as a parcerias de cinco minist\u00e9rios\u201d,\u00a0afirmou.<\/p>\n<p><span style=\"font-weight: 400;\">Fonte: Ag\u00eancia Brasil <\/span><\/p>\n","protected":false},"excerpt":{"rendered":"<p>A ministra dos Povos Ind\u00edgenas,\u00a0Sonia\u00a0Guajajara, disse nesta segunda-feira (7) que o crescimento da popula\u00e7\u00e3o ind\u00edgena de 88,82% em 12 anos, de \u00a0896.917\u00a0em 2010, para 1.693.535\u00a0em 2022, se deve a\u00a0diferentes\u00a0fatores.\u00a0A ministra participou do\u00a0lan\u00e7amento oficial\u00a0do\u00a0Censo 2022 Ind\u00edgenas: Primeiros resultados\u00a0em Bel\u00e9m,\u00a0divulgado pelo Instituto Brasileiro de Geografia e Estat\u00edstica (IBGE). \u201cO item do pertencimento favoreceu que povos ind\u00edgenas que [&hellip;]<\/p>\n","protected":false},"author":246,"featured_media":216947,"comment_status":"closed","ping_status":"closed","sticky":false,"template":"","format":"standard","meta":{"footnotes":""},"categories":[436,261,439],"tags":[],"class_list":["post-216946","post","type-post","status-publish","format-standard","has-post-thumbnail","hentry","category-destaque-da-semana","category-economia","category-ultima-hora"],"_links":{"self":[{"href":"https:\/\/diarioregionaldigital.com.br\/index.php?rest_route=\/wp\/v2\/posts\/216946","targetHints":{"allow":["GET"]}}],"collection":[{"href":"https:\/\/diarioregionaldigital.com.br\/index.php?rest_route=\/wp\/v2\/posts"}],"about":[{"href":"https:\/\/diarioregionaldigital.com.br\/index.php?rest_route=\/wp\/v2\/types\/post"}],"author":[{"embeddable":true,"href":"https:\/\/diarioregionaldigital.com.br\/index.php?rest_route=\/wp\/v2\/users\/246"}],"replies":[{"embeddable":true,"href":"https:\/\/diarioregionaldigital.com.br\/index.php?rest_route=%2Fwp%2Fv2%2Fcomments&post=216946"}],"version-history":[{"count":1,"href":"https:\/\/diarioregionaldigital.com.br\/index.php?rest_route=\/wp\/v2\/posts\/216946\/revisions"}],"predecessor-version":[{"id":216948,"href":"https:\/\/diarioregionaldigital.com.br\/index.php?rest_route=\/wp\/v2\/posts\/216946\/revisions\/216948"}],"wp:featuredmedia":[{"embeddable":true,"href":"https:\/\/diarioregionaldigital.com.br\/index.php?rest_route=\/wp\/v2\/media\/216947"}],"wp:attachment":[{"href":"https:\/\/diarioregionaldigital.com.br\/index.php?rest_route=%2Fwp%2Fv2%2Fmedia&parent=216946"}],"wp:term":[{"taxonomy":"category","embeddable":true,"href":"https:\/\/diarioregionaldigital.com.br\/index.php?rest_route=%2Fwp%2Fv2%2Fcategories&post=216946"},{"taxonomy":"post_tag","embeddable":true,"href":"https:\/\/diarioregionaldigital.com.br\/index.php?rest_route=%2Fwp%2Fv2%2Ftags&post=216946"}],"curies":[{"name":"wp","href":"https:\/\/api.w.org\/{rel}","templated":true}]}}