{"id":216939,"date":"2023-08-08T00:09:32","date_gmt":"2023-08-08T03:09:32","guid":{"rendered":"https:\/\/diarioregionaldigital.com.br\/?p=216939"},"modified":"2023-08-08T00:09:32","modified_gmt":"2023-08-08T03:09:32","slug":"mercado-reduz-previsao-da-taxa-selic-para-menos-de-12-ao-ano","status":"publish","type":"post","link":"https:\/\/diarioregionaldigital.com.br\/?p=216939","title":{"rendered":"Mercado reduz previs\u00e3o da taxa Selic para menos de 12% ao ano"},"content":{"rendered":"<p>Ap\u00f3s a redu\u00e7\u00e3o de 0,5 ponto percentual na taxa Selic, os juros b\u00e1sicos da economia, na semana passada, as institui\u00e7\u00f5es financeiras consultadas pelo Banco Central (BC) esperam por uma diminui\u00e7\u00e3o ainda maior at\u00e9 o final deste ano. A forte queda da infla\u00e7\u00e3o fez o Comit\u00ea de Pol\u00edtica Monet\u00e1ria (Copom) do BC cortar os juros pela primeira vez em tr\u00eas anos e\u00a0<a href=\"https:\/\/agenciabrasil.ebc.com.br\/economia\/noticia\/2023-08\/copom-reduz-juros-basicos-da-economia-para-1325-ao-ano\" target=\"_blank\" rel=\"noopener\">levar a Selic de 13,75%\u00a0<\/a>ao ano para 13,25% ao ano.<img decoding=\"async\" src=\"https:\/\/agenciabrasil.ebc.com.br\/ebc.png?id=1547671&amp;o=node\" \/><img decoding=\"async\" src=\"https:\/\/agenciabrasil.ebc.com.br\/ebc.gif?id=1547671&amp;o=node\" \/><\/p>\n<p>Para o mercado, a taxa b\u00e1sica deve encerrar 2023 em 11,75% ao ano, na semana passada a previs\u00e3o era de 12% ao ano. A estimativa est\u00e1 no Boletim Focus desta segunda-feira (7), pesquisa divulgada semanalmente pelo BC com a expectativa de institui\u00e7\u00f5es financeiras para os principais indicadores econ\u00f4micos.<\/p>\n<p>Para o fim de 2024, a estimativa \u00e9 que a taxa b\u00e1sica caia para 9% ao ano. J\u00e1 para o fim de 2025 e de 2026, a previs\u00e3o \u00e9 Selic em 8,5% ao ano, para os dois anos.<\/p>\n<p>A \u00faltima vez em que o BC tinha reduzido a Selic foi em agosto de 2020, quando a taxa caiu de 2,25% para 2% ao ano, em meio \u00e0 contra\u00e7\u00e3o econ\u00f4mica gerada pela pandemia de covid-19. Depois disso, o Copom elevou a Selic por 12 vezes consecutivas, num ciclo que come\u00e7ou em mar\u00e7o de 2021, em meio \u00e0 alta dos pre\u00e7os de alimentos, de energia e de combust\u00edveis, e, a partir de agosto do ano passado, manteve a taxa em 13,75% ao ano por sete vezes seguidas.<\/p>\n<p>A taxa Selic \u00e9 o principal instrumento de BC para alcan\u00e7ar a meta de infla\u00e7\u00e3o, definida pelo Conselho Monet\u00e1rio Nacional (CMN).<\/p>\n<p>Quando o Copom aumenta a taxa b\u00e1sica de juros, a finalidade \u00e9 conter a demanda aquecida, e isso causa reflexos nos pre\u00e7os porque os juros mais altos encarecem o cr\u00e9dito e estimulam a poupan\u00e7a. Mas, al\u00e9m da Selic, os bancos consideram outros fatores na hora de definir os juros cobrados dos consumidores, como risco de inadimpl\u00eancia, lucro e despesas administrativas. Desse modo, taxas mais altas tamb\u00e9m podem dificultar a expans\u00e3o da economia.<\/p>\n<p>Quando o Copom diminui a Selic, a tend\u00eancia \u00e9 que o cr\u00e9dito fique mais barato, com incentivo \u00e0 produ\u00e7\u00e3o e ao consumo, reduzindo o controle sobre a infla\u00e7\u00e3o e estimulando a atividade econ\u00f4mica.<\/p>\n<h2>Infla\u00e7\u00e3o<\/h2>\n<p>No Boletim Focus de hoje, a previs\u00e3o do mercado financeiro para o \u00cdndice Nacional de Pre\u00e7os ao Consumidor Amplo (IPCA) \u2013 considerado a infla\u00e7\u00e3o oficial do pa\u00eds \u2013 se manteve em 4,84% neste ano. Para 2024, a proje\u00e7\u00e3o da infla\u00e7\u00e3o ficou em 3,88%. Para 2025 e 2026, as previs\u00f5es s\u00e3o de 3,5% para os dois anos.<\/p>\n<p>A estimativa para este ano est\u00e1 acima do teto da meta de infla\u00e7\u00e3o que deve ser perseguida pelo BC. Definida pelo CMN, a meta \u00e9 de 3,25% para 2023, com intervalo de toler\u00e2ncia de 1,5 ponto percentual para cima ou para baixo. Ou seja, o limite inferior \u00e9 1,75% e o superior 4,75%.<\/p>\n<p>Segundo o BC, no \u00faltimo Relat\u00f3rio de Infla\u00e7\u00e3o, a chance de a infla\u00e7\u00e3o oficial\u00a0<a href=\"https:\/\/agenciabrasil.ebc.com.br\/economia\/noticia\/2023-06\/bc-aumenta-projecao-de-crescimento-do-pib-de-12-para-2\" target=\"_blank\" rel=\"noopener\">superar o teto da meta em 2023 \u00e9 de 61%<\/a>.<\/p>\n<p>A proje\u00e7\u00e3o do mercado para a infla\u00e7\u00e3o de 2024 tamb\u00e9m est\u00e1 acima do centro da meta prevista, fixada em 3%, mas ainda dentro do intervalo de toler\u00e2ncia de 1,5 ponto percentual.<\/p>\n<p>Em junho, houve defla\u00e7\u00e3o no pa\u00eds, ou seja, um recuo nos pre\u00e7os na compara\u00e7\u00e3o com maio. O\u00a0<a href=\"https:\/\/agenciabrasil.ebc.com.br\/economia\/noticia\/2023-07\/inflacao-oficial-de-junho-fica-negativa-em-008\" target=\"_blank\" rel=\"noopener\">IPCA\u00a0<\/a>ficou negativo em 0,08%, segundo o Instituto Brasileiro de Geografia e Estat\u00edstica (IBGE). Foi o quarto m\u00eas seguido em que a infla\u00e7\u00e3o perdeu for\u00e7a. Em maio, o IPCA foi de 0,23%.<\/p>\n<p>No ano, o \u00edndice soma 2,87% e, nos \u00faltimos 12 meses, 3,16%, abaixo dos 3,94% observados nos 12 meses imediatamente anteriores e seguindo a tend\u00eancia de queda apresentada desde junho de 2022, quando o \u00edndice estava em 11,89%.<\/p>\n<h2>PIB e c\u00e2mbio<\/h2>\n<p>A proje\u00e7\u00e3o das institui\u00e7\u00f5es financeiras para o crescimento da economia brasileira neste ano subiu de 2,24% para 2,26%.<\/p>\n<p>Para 2024, a expectativa para o Produto Interno Bruto (PIB) &#8211; a soma de todos os bens e servi\u00e7os produzidos no pa\u00eds &#8211; \u00e9 crescimento de 1,3%. Para 2025 e 2026, o mercado financeiro projeta expans\u00e3o do PIB em 1,9% e 2%, respectivamente.<\/p>\n<p>A previs\u00e3o para a cota\u00e7\u00e3o do d\u00f3lar est\u00e1 em R$ 4,90 para o fim deste ano. Para o fim de 2024, a previs\u00e3o \u00e9 que a moeda americana fique em R$ 5,00.<\/p>\n<p><span style=\"font-weight: 400;\">Fonte: Ag\u00eancia Brasil <\/span><\/p>\n","protected":false},"excerpt":{"rendered":"<p>Ap\u00f3s a redu\u00e7\u00e3o de 0,5 ponto percentual na taxa Selic, os juros b\u00e1sicos da economia, na semana passada, as institui\u00e7\u00f5es financeiras consultadas pelo Banco Central (BC) esperam por uma diminui\u00e7\u00e3o ainda maior at\u00e9 o final deste ano. A forte queda da infla\u00e7\u00e3o fez o Comit\u00ea de Pol\u00edtica Monet\u00e1ria (Copom) do BC cortar os juros pela [&hellip;]<\/p>\n","protected":false},"author":246,"featured_media":216940,"comment_status":"closed","ping_status":"closed","sticky":false,"template":"","format":"standard","meta":{"footnotes":""},"categories":[436,440,261,439],"tags":[],"class_list":["post-216939","post","type-post","status-publish","format-standard","has-post-thumbnail","hentry","category-destaque-da-semana","category-destaques-do-dia","category-economia","category-ultima-hora"],"_links":{"self":[{"href":"https:\/\/diarioregionaldigital.com.br\/index.php?rest_route=\/wp\/v2\/posts\/216939","targetHints":{"allow":["GET"]}}],"collection":[{"href":"https:\/\/diarioregionaldigital.com.br\/index.php?rest_route=\/wp\/v2\/posts"}],"about":[{"href":"https:\/\/diarioregionaldigital.com.br\/index.php?rest_route=\/wp\/v2\/types\/post"}],"author":[{"embeddable":true,"href":"https:\/\/diarioregionaldigital.com.br\/index.php?rest_route=\/wp\/v2\/users\/246"}],"replies":[{"embeddable":true,"href":"https:\/\/diarioregionaldigital.com.br\/index.php?rest_route=%2Fwp%2Fv2%2Fcomments&post=216939"}],"version-history":[{"count":1,"href":"https:\/\/diarioregionaldigital.com.br\/index.php?rest_route=\/wp\/v2\/posts\/216939\/revisions"}],"predecessor-version":[{"id":216941,"href":"https:\/\/diarioregionaldigital.com.br\/index.php?rest_route=\/wp\/v2\/posts\/216939\/revisions\/216941"}],"wp:featuredmedia":[{"embeddable":true,"href":"https:\/\/diarioregionaldigital.com.br\/index.php?rest_route=\/wp\/v2\/media\/216940"}],"wp:attachment":[{"href":"https:\/\/diarioregionaldigital.com.br\/index.php?rest_route=%2Fwp%2Fv2%2Fmedia&parent=216939"}],"wp:term":[{"taxonomy":"category","embeddable":true,"href":"https:\/\/diarioregionaldigital.com.br\/index.php?rest_route=%2Fwp%2Fv2%2Fcategories&post=216939"},{"taxonomy":"post_tag","embeddable":true,"href":"https:\/\/diarioregionaldigital.com.br\/index.php?rest_route=%2Fwp%2Fv2%2Ftags&post=216939"}],"curies":[{"name":"wp","href":"https:\/\/api.w.org\/{rel}","templated":true}]}}