{"id":216929,"date":"2023-08-06T06:00:05","date_gmt":"2023-08-06T09:00:05","guid":{"rendered":"https:\/\/diarioregionaldigital.com.br\/?p=216929"},"modified":"2023-08-06T05:57:20","modified_gmt":"2023-08-06T08:57:20","slug":"consideracoes-sobre-a-fe-parte-final","status":"publish","type":"post","link":"https:\/\/diarioregionaldigital.com.br\/?p=216929","title":{"rendered":"Considera\u00e7\u00f5es sobre a f\u00e9 &#8211; parte final"},"content":{"rendered":"<p>Em nossa breve jornada de reflex\u00e3o sobre a f\u00e9, comentamos brevemente sobre cinco perguntas b\u00e1sicas:<\/p>\n<p>\u2018o que\u2019 \u00e9 a f\u00e9?<\/p>\n<p>\u2018por que\u2019 ter f\u00e9?<\/p>\n<p>\u2018para que\u2019 me serve a f\u00e9?<\/p>\n<p>f\u00e9 \u2018em quem\u2019?<\/p>\n<p>\u2018como\u2019 obter\/fortalecer a f\u00e9?<\/p>\n<p>Percebeu que as cinco perguntas nos levaram, de uma maneira ou de outra, ao encontro das Escrituras?<\/p>\n<p>Uma coisa que \u00e0s vezes n\u00e3o percebemos \u00e9 que nossa pr\u00f3pria percep\u00e7\u00e3o do conceito f\u00e9 \u00e9 um pouco enviesado. Para n\u00e3o filosofar, vamos direto ao exemplo:<\/p>\n<p>Imagine que voc\u00ea est\u00e1 conversando com outra pessoa a respeito de um terceiro, suponhamos que seu nome seja Z\u00e9. Da\u00ed, em certa altura do di\u00e1logo, esse amigo diz para voc\u00ea o seguinte:<\/p>\n<p>&#8211; Eu acredito no Z\u00e9!<\/p>\n<p>O que \u00e9 rigorosamente o mesmo que dizer \u201ceu creio no Z\u00e9\u201d, n\u00e3o \u00e9 mesmo?!<\/p>\n<p>Bom, qual ser\u00e1 o seu entendimento: a afirma\u00e7\u00e3o te levar\u00e1 a especular, refletindo sobre a exist\u00eancia f\u00edsica do Z\u00e9? Ficar\u00e1 matutando se ele \u00e9 real ou uma figura imagin\u00e1ria? Ou, ao inv\u00e9s disso, imediatamente compreender\u00e1 que a pessoa intenciona esclarecer que acredita no que o Z\u00e9 diz ou faz? Ou seja, a frase aponta para a confian\u00e7a, seja de que essa pessoa diz a verdade, que \u00e9 honesta ou, simplesmente, de que ela est\u00e1 com a raz\u00e3o.<\/p>\n<p>Dependendo do assunto, o sentido ser\u00e1 um ou outro, mas muito, muito, muito dificilmente a inten\u00e7\u00e3o da frase diz respeito \u00e0 exist\u00eancia f\u00edsica, real, concreta do tal Z\u00e9.<\/p>\n<p>Ora, por que quando nos referimos a Deus estar\u00edamos atribuindo um sentido diverso ao habitual?!<\/p>\n<p>Quando eu digo que creio em Deus, n\u00e3o estou me referindo \u00e0 Sua exist\u00eancia, pois a exist\u00eancia do Criador \u00e9 para mim um pressuposto. Salvo as pessoas que carecem desse entendimento, que n\u00e3o \u00e9 o meu caso, nem o seu, que temos por certo que Deus existe, quando dizemos \u201ccreio\u201d, nossa inten\u00e7\u00e3o n\u00e3o pode ser diferente da ilustrada no di\u00e1logo fict\u00edcio exposto acima.<\/p>\n<p>Ou seja, quando uma pessoa que j\u00e1 tem convic\u00e7\u00e3o de que Deus existe diz \u201ceu creio em Deus\u201d ela deve estar dizendo: \u201ceu confio em Deus\u201d, \u201ceu acredito nas palavras de Deus\u201d!<\/p>\n<p>Por isso, essa rela\u00e7\u00e3o entre a f\u00e9 e a Palavra \u00e9 t\u00e3o forte, pois as Escrituras mostram justamente as promessas que o Senhor nos fez, e que, a partir delas, saibamos quais s\u00e3o os nosso deveres para alcan\u00e7\u00e1-las. Al\u00e9m disso, oferece testemunhos do car\u00e1ter do Alt\u00edssimo, de seu poder e fidelidade para cumprir cada um de seus compromissos.<\/p>\n<p>A Escritura, portanto, n\u00e3o quer nos provar que Deus existe, mesmo porque tal prova \u00e9 obtida no cora\u00e7\u00e3o, ela pretende esclarecer os motivos que nos levam a concluir: eu confio no Criador!<\/p>\n<p>\u201cNele, quando voc\u00eas ouviram e creram na palavra da verdade, o evangelho que os salvou, voc\u00eas foram selados com o Esp\u00edrito Santo da promessa, que \u00e9 a garantia da nossa heran\u00e7a at\u00e9 a reden\u00e7\u00e3o daqueles que pertencem a Deus, para o louvor da sua gl\u00f3ria\u201d (Ef\u00e9sios 1: 13, 14).<\/p>\n<p>Am\u00e9m !!!<\/p>\n","protected":false},"excerpt":{"rendered":"<p>Em nossa breve jornada de reflex\u00e3o sobre a f\u00e9, comentamos brevemente sobre cinco perguntas b\u00e1sicas: \u2018o que\u2019 \u00e9 a f\u00e9? \u2018por que\u2019 ter f\u00e9? \u2018para que\u2019 me serve a f\u00e9? f\u00e9 \u2018em quem\u2019? \u2018como\u2019 obter\/fortalecer a f\u00e9? Percebeu que as cinco perguntas nos levaram, de uma maneira ou de outra, ao encontro das Escrituras? Uma [&hellip;]<\/p>\n","protected":false},"author":96,"featured_media":0,"comment_status":"closed","ping_status":"closed","sticky":false,"template":"","format":"standard","meta":{"footnotes":""},"categories":[1244],"tags":[],"class_list":["post-216929","post","type-post","status-publish","format-standard","hentry","category-oleg-abramov"],"_links":{"self":[{"href":"https:\/\/diarioregionaldigital.com.br\/index.php?rest_route=\/wp\/v2\/posts\/216929","targetHints":{"allow":["GET"]}}],"collection":[{"href":"https:\/\/diarioregionaldigital.com.br\/index.php?rest_route=\/wp\/v2\/posts"}],"about":[{"href":"https:\/\/diarioregionaldigital.com.br\/index.php?rest_route=\/wp\/v2\/types\/post"}],"author":[{"embeddable":true,"href":"https:\/\/diarioregionaldigital.com.br\/index.php?rest_route=\/wp\/v2\/users\/96"}],"replies":[{"embeddable":true,"href":"https:\/\/diarioregionaldigital.com.br\/index.php?rest_route=%2Fwp%2Fv2%2Fcomments&post=216929"}],"version-history":[{"count":1,"href":"https:\/\/diarioregionaldigital.com.br\/index.php?rest_route=\/wp\/v2\/posts\/216929\/revisions"}],"predecessor-version":[{"id":216930,"href":"https:\/\/diarioregionaldigital.com.br\/index.php?rest_route=\/wp\/v2\/posts\/216929\/revisions\/216930"}],"wp:attachment":[{"href":"https:\/\/diarioregionaldigital.com.br\/index.php?rest_route=%2Fwp%2Fv2%2Fmedia&parent=216929"}],"wp:term":[{"taxonomy":"category","embeddable":true,"href":"https:\/\/diarioregionaldigital.com.br\/index.php?rest_route=%2Fwp%2Fv2%2Fcategories&post=216929"},{"taxonomy":"post_tag","embeddable":true,"href":"https:\/\/diarioregionaldigital.com.br\/index.php?rest_route=%2Fwp%2Fv2%2Ftags&post=216929"}],"curies":[{"name":"wp","href":"https:\/\/api.w.org\/{rel}","templated":true}]}}