{"id":216927,"date":"2023-08-06T06:00:46","date_gmt":"2023-08-06T09:00:46","guid":{"rendered":"https:\/\/diarioregionaldigital.com.br\/?p=216927"},"modified":"2023-08-06T05:55:46","modified_gmt":"2023-08-06T08:55:46","slug":"a-arte-judaica","status":"publish","type":"post","link":"https:\/\/diarioregionaldigital.com.br\/?p=216927","title":{"rendered":"A arte judaica"},"content":{"rendered":"<p>Assim como aconteceu na literatura, onde teve grandes express\u00f5es internacionais, o povo judeu acumula feitos de extraordin\u00e1rio relevo no campo das artes pl\u00e1sticas. \u00c9 uma esp\u00e9cie de pr\u00e9-determina\u00e7\u00e3o at\u00e1vica que se \u00a0cumpre de forma permanente. Veja-se o caso de Lasar Segall, que viveu boa parte da exist\u00eancia no Estado de S\u00e3o Pulo, onde deixou obras inesquec\u00edveis, como as lembran\u00e7as do \u201cFiddler on the roof\u201d (violinista no telhado), que ele desenhou com grande inspira\u00e7\u00e3o.<\/p>\n<p>No Rio de Janeiro, h\u00e1 registro de pintores admir\u00e1veis, como Carlos Scliar, que participou da For\u00e7a Expedicion\u00e1ria Brasileira, e tinha muito orgulho disso. Outro nome de destaque foi Abrah\u00e3o Palatinik, criador da arte cin\u00e9tica. No naipe feminino, destacam-se as figuras de Ana Bela Geiger e Faiga Ostrower (escultora de primeira ordem), que realizaram trabalhos memor\u00e1veis.<\/p>\n<p>Alguns dos artistas da comunidade israelita foram expostos na Galeria MBlois, em Ipanema(Rio), numa apresenta\u00e7\u00e3o em que a Casa de arte da educadora Marlene \u00a0Blois \u00a0se prop\u00f5e a\u00a0 \u201cclarear pensamentos, aflorar a sensibilidade, encurtar ou anular dist\u00e2ncias, diluir preconceitos e nos tornar mais iguais, portanto realmente humanos.\u201d<\/p>\n<p>A pintura est\u00e1 bem representada por profissionais como Eva Britz, Izabela London, Lilian Siles, M.Galimidi e Sandra Becker. Cada uma com o seu estilo, demonstrando a for\u00e7a do seu talento.<\/p>\n<p>Devemos reservar um espa\u00e7o apreci\u00e1vel para os ilustradores judeus, que s\u00e3o igualmente artistas de renome, como Reinaldo Waisman, que trabalhou intensamente para o quadrinista Maur\u00edcio de Sousa. E fez as ilustra\u00e7\u00f5es do nosso livro, intitulado \u201cI\u00f3ssele \u00a0e a pedra m\u00e1gica\u201d, lan\u00e7ado por Edi\u00e7\u00f5es Consultor, em 1993. Na abertura dessa obra afirmo que \u201cI\u00f3ssele tem uma bonita irm\u00e3, de cabelos cacheados (Ruchele), seus pais est\u00e3o vivos e\u00a0 dos\u00a0 av\u00f3s ainda restou o s\u00e1bio Zeide B\u00e9rek\u201d. As ilustra\u00e7\u00f5es de Reinaldo Waisman deram a esse livro um toque de fina sensibilidade, o que somente ocorre quando se est\u00e1 diante de um verdadeiro artista.<\/p>\n","protected":false},"excerpt":{"rendered":"<p>Assim como aconteceu na literatura, onde teve grandes express\u00f5es internacionais, o povo judeu acumula feitos de extraordin\u00e1rio relevo no campo das artes pl\u00e1sticas. \u00c9 uma esp\u00e9cie de pr\u00e9-determina\u00e7\u00e3o at\u00e1vica que se \u00a0cumpre de forma permanente. Veja-se o caso de Lasar Segall, que viveu boa parte da exist\u00eancia no Estado de S\u00e3o Pulo, onde deixou obras [&hellip;]<\/p>\n","protected":false},"author":96,"featured_media":0,"comment_status":"closed","ping_status":"closed","sticky":false,"template":"","format":"standard","meta":{"footnotes":""},"categories":[275],"tags":[],"class_list":["post-216927","post","type-post","status-publish","format-standard","hentry","category-arnaldo-niskier"],"_links":{"self":[{"href":"https:\/\/diarioregionaldigital.com.br\/index.php?rest_route=\/wp\/v2\/posts\/216927","targetHints":{"allow":["GET"]}}],"collection":[{"href":"https:\/\/diarioregionaldigital.com.br\/index.php?rest_route=\/wp\/v2\/posts"}],"about":[{"href":"https:\/\/diarioregionaldigital.com.br\/index.php?rest_route=\/wp\/v2\/types\/post"}],"author":[{"embeddable":true,"href":"https:\/\/diarioregionaldigital.com.br\/index.php?rest_route=\/wp\/v2\/users\/96"}],"replies":[{"embeddable":true,"href":"https:\/\/diarioregionaldigital.com.br\/index.php?rest_route=%2Fwp%2Fv2%2Fcomments&post=216927"}],"version-history":[{"count":1,"href":"https:\/\/diarioregionaldigital.com.br\/index.php?rest_route=\/wp\/v2\/posts\/216927\/revisions"}],"predecessor-version":[{"id":216928,"href":"https:\/\/diarioregionaldigital.com.br\/index.php?rest_route=\/wp\/v2\/posts\/216927\/revisions\/216928"}],"wp:attachment":[{"href":"https:\/\/diarioregionaldigital.com.br\/index.php?rest_route=%2Fwp%2Fv2%2Fmedia&parent=216927"}],"wp:term":[{"taxonomy":"category","embeddable":true,"href":"https:\/\/diarioregionaldigital.com.br\/index.php?rest_route=%2Fwp%2Fv2%2Fcategories&post=216927"},{"taxonomy":"post_tag","embeddable":true,"href":"https:\/\/diarioregionaldigital.com.br\/index.php?rest_route=%2Fwp%2Fv2%2Ftags&post=216927"}],"curies":[{"name":"wp","href":"https:\/\/api.w.org\/{rel}","templated":true}]}}