{"id":216913,"date":"2023-08-05T02:18:29","date_gmt":"2023-08-05T05:18:29","guid":{"rendered":"https:\/\/diarioregionaldigital.com.br\/?p=216913"},"modified":"2023-08-05T02:18:29","modified_gmt":"2023-08-05T05:18:29","slug":"praca-ceu-e-teatro-paschoal-recebem-espetaculos-da-campanha-de-popularizacao-do-teatro-no-domingo","status":"publish","type":"post","link":"https:\/\/diarioregionaldigital.com.br\/?p=216913","title":{"rendered":"Pra\u00e7a CEU e Teatro Paschoal recebem espet\u00e1culos da Campanha de Populariza\u00e7\u00e3o do Teatro no domingo,"},"content":{"rendered":"<p>Segundo informa\u00e7\u00f5es do site da Prefeitura de Juiz de Fora (PJF), dois equipamentos culturais mantidos pela Prefeitura de Juiz de Fora (PJF), o Teatro Paschoal Carlos Magno e Pra\u00e7a CEU (Centro de Artes e Esportes Unificados Coronel Adelmir Romualdo de Oliveira), receber\u00e3o espet\u00e1culos da Campanha de Populariza\u00e7\u00e3o do Teatro &amp; Dan\u00e7a de Juiz de Fora neste fim de semana.<\/p>\n<p>A vig\u00e9sima edi\u00e7\u00e3o do evento ser\u00e1 aberta oficialmente no s\u00e1bado, 5, \u00e0s 19h, em solenidade reservada para artistas, autoridades e produtores culturais, no Museu Ferrovi\u00e1rio de Juiz de Fora. A programa\u00e7\u00e3o segue at\u00e9 o dia 30 deste m\u00eas, totalizando 37 espet\u00e1culos, cinco oficinas, um festival e uma viv\u00eancia. A programa\u00e7\u00e3o completa pode ser conferida no Instagram @apacjf.<\/p>\n<p>Localizada na Avenida JK, 5.899, Benfica, a Pra\u00e7a CEU abre a temporada de teatro infantil, com o espet\u00e1culo \u201cA Cigarra e a Formiga\u201d, \u00e0s 16h, de domingo, 6. J\u00e1 no Teatro Paschoal, na Rua Gilberto Alencar, atr\u00e1s da Igreja S\u00e3o Sebasti\u00e3o, no mesmo dia, ser\u00e1 apresentado, \u00e0s 20h, o stand-up \u201cComo fracassar na vida e ser infeliz no amor\u201d, escrito, dirigido e encenado por Gueminho Bernardes.<\/p>\n<p>Os ingressos para conferir os espet\u00e1culos podem ser adquiridos a pre\u00e7os promocionais no trailer da Associa\u00e7\u00e3o dos Produtores de Artes C\u00eanicas de Juiz de Fora (Apac-JF), instalado no Parque Halfeld, na altura do Pa\u00e7o Municipal, no Centro. As formas de pagamentos aceitas s\u00e3o dinheiro e PIX.<\/p>\n<p>A Campanha \u00e9 organizada\u00a0pelo Sindicato dos Produtores de Artes C\u00eanicas de Minas Gerais (Sinparc) e pela Apac-JF, com patroc\u00ednio da Cemig, por meio da Lei de Incentivo \u00e0 Cultura. Em Juiz de Fora, conta com apoio da PJF\/Funda\u00e7\u00e3o Cultural Alfredo Ferreira Lage (Funalfa).<\/p>\n","protected":false},"excerpt":{"rendered":"<p>Segundo informa\u00e7\u00f5es do site da Prefeitura de Juiz de Fora (PJF), dois equipamentos culturais mantidos pela Prefeitura de Juiz de Fora (PJF), o Teatro Paschoal Carlos Magno e Pra\u00e7a CEU (Centro de Artes e Esportes Unificados Coronel Adelmir Romualdo de Oliveira), receber\u00e3o espet\u00e1culos da Campanha de Populariza\u00e7\u00e3o do Teatro &amp; Dan\u00e7a de Juiz de Fora [&hellip;]<\/p>\n","protected":false},"author":246,"featured_media":216914,"comment_status":"closed","ping_status":"closed","sticky":false,"template":"","format":"standard","meta":{"footnotes":""},"categories":[253,436,439],"tags":[],"class_list":["post-216913","post","type-post","status-publish","format-standard","has-post-thumbnail","hentry","category-cidade","category-destaque-da-semana","category-ultima-hora"],"_links":{"self":[{"href":"https:\/\/diarioregionaldigital.com.br\/index.php?rest_route=\/wp\/v2\/posts\/216913","targetHints":{"allow":["GET"]}}],"collection":[{"href":"https:\/\/diarioregionaldigital.com.br\/index.php?rest_route=\/wp\/v2\/posts"}],"about":[{"href":"https:\/\/diarioregionaldigital.com.br\/index.php?rest_route=\/wp\/v2\/types\/post"}],"author":[{"embeddable":true,"href":"https:\/\/diarioregionaldigital.com.br\/index.php?rest_route=\/wp\/v2\/users\/246"}],"replies":[{"embeddable":true,"href":"https:\/\/diarioregionaldigital.com.br\/index.php?rest_route=%2Fwp%2Fv2%2Fcomments&post=216913"}],"version-history":[{"count":1,"href":"https:\/\/diarioregionaldigital.com.br\/index.php?rest_route=\/wp\/v2\/posts\/216913\/revisions"}],"predecessor-version":[{"id":216915,"href":"https:\/\/diarioregionaldigital.com.br\/index.php?rest_route=\/wp\/v2\/posts\/216913\/revisions\/216915"}],"wp:featuredmedia":[{"embeddable":true,"href":"https:\/\/diarioregionaldigital.com.br\/index.php?rest_route=\/wp\/v2\/media\/216914"}],"wp:attachment":[{"href":"https:\/\/diarioregionaldigital.com.br\/index.php?rest_route=%2Fwp%2Fv2%2Fmedia&parent=216913"}],"wp:term":[{"taxonomy":"category","embeddable":true,"href":"https:\/\/diarioregionaldigital.com.br\/index.php?rest_route=%2Fwp%2Fv2%2Fcategories&post=216913"},{"taxonomy":"post_tag","embeddable":true,"href":"https:\/\/diarioregionaldigital.com.br\/index.php?rest_route=%2Fwp%2Fv2%2Ftags&post=216913"}],"curies":[{"name":"wp","href":"https:\/\/api.w.org\/{rel}","templated":true}]}}