{"id":216904,"date":"2023-08-05T02:10:47","date_gmt":"2023-08-05T05:10:47","guid":{"rendered":"https:\/\/diarioregionaldigital.com.br\/?p=216904"},"modified":"2023-08-05T02:10:47","modified_gmt":"2023-08-05T05:10:47","slug":"governo-apresenta-propostas-para-combater-o-racismo-no-esporte","status":"publish","type":"post","link":"https:\/\/diarioregionaldigital.com.br\/?p=216904","title":{"rendered":"Governo apresenta propostas para combater o racismo no esporte"},"content":{"rendered":"<p>O governo apresentou nesta quinta-feira (3) relat\u00f3rio com recomenda\u00e7\u00f5es para o combate ao racismo no esporte. Criado em junho, o grupo t\u00e9cnico\u00a0autor do relat\u00f3rio\u00a0\u00e9 composto por integrantes dos minist\u00e9rios do Esporte, da Igualdade Racial e da Justi\u00e7a e Seguran\u00e7a P\u00fablica.\u00a0\u00a0<img decoding=\"async\" src=\"https:\/\/agenciabrasil.ebc.com.br\/ebc.png?id=1547437&amp;o=node\" \/><img decoding=\"async\" src=\"https:\/\/agenciabrasil.ebc.com.br\/ebc.gif?id=1547437&amp;o=node\" \/><\/p>\n<p>O grupo prop\u00f5e a\u00e7\u00f5es voltadas para entidades esportivas, atletas, torcidas e sistema judici\u00e1rio.<\/p>\n<h2>Monitoramento dos est\u00e1dios<\/h2>\n<p>Uma delas \u00e9 um acordo de coopera\u00e7\u00e3o t\u00e9cnica entre o Minist\u00e9rio da Justi\u00e7a e a Confedera\u00e7\u00e3o Brasileira de Futebol (CBF).\u00a0De acordo com o secret\u00e1rio de Acesso \u00e0 Justi\u00e7a do Minist\u00e9rio da Justi\u00e7a e Seguran\u00e7a P\u00fablica, Marivaldo Pereira, a ideia \u00e9 a implanta\u00e7\u00e3o de uma ferramenta nos est\u00e1dios que permita \u00e0s autoridades p\u00fablicas identificar quem comete atos racistas durante as partidas de futebol.<\/p>\n<blockquote><p>\u201cO que se busca n\u00e3o \u00e9 a puni\u00e7\u00e3o, mas sim inibir a pr\u00e1tica do ato. Esse tipo de tecnologia vem demonstrando que quando a pessoa sabe que ela pode ser identificada, que a imagem dela est\u00e1 ali e que o ato dela tem consequ\u00eancia, isso ajuda, muitas vezes, a inibir a pr\u00e1tica do crime\u201d, explicou.<\/p><\/blockquote>\n<p>Conforme o secret\u00e1rio, a ferramenta passou por um teste conceito no Maracan\u00e3, no Rio de Janeiro, e o acordo deve ser conclu\u00eddo ainda este m\u00eas.<\/p>\n<h2>Outras medidas<\/h2>\n<p>A ministra do Esporte, Ana Moser, disse que outras a\u00e7\u00f5es sugeridas pelos t\u00e9cnicos dever\u00e3o ser implantadas neste segundo semestre, como confec\u00e7\u00e3o de bandeir\u00f5es em conjunto com a Associa\u00e7\u00e3o Nacional das Torcidas Organizadas (Anatorg), cria\u00e7\u00e3o de selo e pr\u00eamios para entidades esportivas antirracistas e levantamento de dados sobre racismo nas atividades esportivas.<\/p>\n<p>\u201cO esporte \u00e9 um vetor de proje\u00e7\u00e3o de comportamento, sentimentos e pr\u00e1ticas da sociedade\u201d, afirmou.<\/p>\n<div class=\"dnd-widget-wrapper context-cheio_8colunas type-image\">\n<div class=\"dnd-atom-rendered\">\n<p>No relat\u00f3rio, o grupo t\u00e9cnico recomenda ainda implanta\u00e7\u00e3o de espa\u00e7os de manifesta\u00e7\u00e3o para atletas, atendimento psicol\u00f3gico aos desportistas negros, organiza\u00e7\u00e3o de debates e publica\u00e7\u00e3o de cartilhas direcionadas aos torcedores, cria\u00e7\u00e3o da Autoridade Nacional para Preven\u00e7\u00e3o e Combate \u00e0 Viol\u00eancia e \u00e0 Discrimina\u00e7\u00e3o no Esporte ou \u00f3rg\u00e3o similar, al\u00e9m de ado\u00e7\u00e3o de dispositivos antirracistas no esporte amador, de lazer e escolar.<\/p>\n<p>Segundo Ana Moser, os trabalhos do grupo devem ser prorrogados por 45 dias.<\/p>\n<p>A ministra da Igualdade Racial, Anielle Franco, ressaltou que as a\u00e7\u00f5es\u00a0no \u00e2mbito do Programa de Combate ao Racismo no Esporte\u00a0ir\u00e3o perpassar pela realidade de crian\u00e7as, jovens, atletas e t\u00e9cnicos que lidam diariamente com preconceito e discrimina\u00e7\u00e3o.<\/p>\n<p>\u201cQuando a gente fala de [combate ao] racismo no esporte, a gente fala de como criar condi\u00e7\u00f5es para as crian\u00e7as que n\u00e3o t\u00eam acesso a se manterem nesses espa\u00e7os. N\u00e3o \u00e9 somente a gente pensar em campanhas, semin\u00e1rios, monitoramento, estudo e aplicabilidade das leis. N\u00e3o pode ser s\u00f3 isso, por isso \u00e9 um programa nacional\u201d, disse. \u201c\u00c9 uma constru\u00e7\u00e3o de a\u00e7\u00f5es concretas que a gente vai viabilizar, n\u00e3o somente entre minist\u00e9rios, mas com escutas tamb\u00e9m\u201d.<\/p>\n<p><span style=\"font-weight: 400;\"><br \/>\n<\/span><span style=\"font-weight: 400;\">Fonte: Ag\u00eancia Brasil <\/span><\/p>\n<\/div>\n<\/div>\n","protected":false},"excerpt":{"rendered":"<p>O governo apresentou nesta quinta-feira (3) relat\u00f3rio com recomenda\u00e7\u00f5es para o combate ao racismo no esporte. Criado em junho, o grupo t\u00e9cnico\u00a0autor do relat\u00f3rio\u00a0\u00e9 composto por integrantes dos minist\u00e9rios do Esporte, da Igualdade Racial e da Justi\u00e7a e Seguran\u00e7a P\u00fablica.\u00a0\u00a0 O grupo prop\u00f5e a\u00e7\u00f5es voltadas para entidades esportivas, atletas, torcidas e sistema judici\u00e1rio. Monitoramento dos [&hellip;]<\/p>\n","protected":false},"author":246,"featured_media":216905,"comment_status":"closed","ping_status":"closed","sticky":false,"template":"","format":"standard","meta":{"footnotes":""},"categories":[436,257,439],"tags":[],"class_list":["post-216904","post","type-post","status-publish","format-standard","has-post-thumbnail","hentry","category-destaque-da-semana","category-esporte","category-ultima-hora"],"_links":{"self":[{"href":"https:\/\/diarioregionaldigital.com.br\/index.php?rest_route=\/wp\/v2\/posts\/216904","targetHints":{"allow":["GET"]}}],"collection":[{"href":"https:\/\/diarioregionaldigital.com.br\/index.php?rest_route=\/wp\/v2\/posts"}],"about":[{"href":"https:\/\/diarioregionaldigital.com.br\/index.php?rest_route=\/wp\/v2\/types\/post"}],"author":[{"embeddable":true,"href":"https:\/\/diarioregionaldigital.com.br\/index.php?rest_route=\/wp\/v2\/users\/246"}],"replies":[{"embeddable":true,"href":"https:\/\/diarioregionaldigital.com.br\/index.php?rest_route=%2Fwp%2Fv2%2Fcomments&post=216904"}],"version-history":[{"count":1,"href":"https:\/\/diarioregionaldigital.com.br\/index.php?rest_route=\/wp\/v2\/posts\/216904\/revisions"}],"predecessor-version":[{"id":216906,"href":"https:\/\/diarioregionaldigital.com.br\/index.php?rest_route=\/wp\/v2\/posts\/216904\/revisions\/216906"}],"wp:featuredmedia":[{"embeddable":true,"href":"https:\/\/diarioregionaldigital.com.br\/index.php?rest_route=\/wp\/v2\/media\/216905"}],"wp:attachment":[{"href":"https:\/\/diarioregionaldigital.com.br\/index.php?rest_route=%2Fwp%2Fv2%2Fmedia&parent=216904"}],"wp:term":[{"taxonomy":"category","embeddable":true,"href":"https:\/\/diarioregionaldigital.com.br\/index.php?rest_route=%2Fwp%2Fv2%2Fcategories&post=216904"},{"taxonomy":"post_tag","embeddable":true,"href":"https:\/\/diarioregionaldigital.com.br\/index.php?rest_route=%2Fwp%2Fv2%2Ftags&post=216904"}],"curies":[{"name":"wp","href":"https:\/\/api.w.org\/{rel}","templated":true}]}}