{"id":216898,"date":"2023-08-05T02:07:24","date_gmt":"2023-08-05T05:07:24","guid":{"rendered":"https:\/\/diarioregionaldigital.com.br\/?p=216898"},"modified":"2023-08-05T02:07:24","modified_gmt":"2023-08-05T05:07:24","slug":"paulo-roberto-falcao-e-investigado-em-caso-de-importunacao-sexual","status":"publish","type":"post","link":"https:\/\/diarioregionaldigital.com.br\/?p=216898","title":{"rendered":"Paulo Roberto Falc\u00e3o \u00e9 investigado em caso de importuna\u00e7\u00e3o sexual"},"content":{"rendered":"<p>O ex-jogador Paulo Roberto Falc\u00e3o est\u00e1 sendo investigado em um caso de importuna\u00e7\u00e3o sexual. A informa\u00e7\u00e3o foi confirmada pela Delegacia de Defesa da Mulher de Santos (SP), que afirmou, em nota, que \u201ca v\u00edtima, de 26 anos, compareceu na delegacia na tarde desta sexta-feira [4] e prestou depoimento\u201d. Al\u00e9m disso a Pol\u00edcia informou que \u201cdilig\u00eancias est\u00e3o em andamento para o esclarecimento dos fatos. Detalhes ser\u00e3o preservados dado a natureza do delito\u201d.<img decoding=\"async\" src=\"https:\/\/agenciabrasil.ebc.com.br\/ebc.png?id=1547574&amp;o=node\" \/><img decoding=\"async\" src=\"https:\/\/agenciabrasil.ebc.com.br\/ebc.gif?id=1547574&amp;o=node\" \/><\/p>\n<p>Horas ap\u00f3s o caso ser tornado p\u00fablico, o Santos publicou nota na qual informou a sa\u00edda de Falc\u00e3o do cargo de coordenador esportivo, posi\u00e7\u00e3o que ocupava desde o dia 15 de novembro de 2022.<\/p>\n<p>A sa\u00edda do Santos foi confirmada pelo pr\u00f3prio ex-jogador em postagem em seu perfil em uma rede social. Na mensagem, Falc\u00e3o nega que sejam verdadeiras as acusa\u00e7\u00f5es feitas: \u201cEm respeito \u00e0 torcida do Santos Futebol Clube, pelos recentes protestos diante do desempenho do time em campo, decidi deixar o cargo de coordenador esportivo nesta data. Meu sentimento, em primeiro lugar, \u00e9 defender a imagem da institui\u00e7\u00e3o. Sobre a acusa\u00e7\u00e3o feita nesta sexta-feira, que recebi com surpresa pela m\u00eddia, afirmo que n\u00e3o aconteceu\u201d.<\/p>\n<p><span style=\"font-weight: 400;\">Fonte: Ag\u00eancia Brasil\u00a0<\/span><span style=\"font-weight: 400;\"><br \/>\n<\/span><\/p>\n","protected":false},"excerpt":{"rendered":"<p>O ex-jogador Paulo Roberto Falc\u00e3o est\u00e1 sendo investigado em um caso de importuna\u00e7\u00e3o sexual. A informa\u00e7\u00e3o foi confirmada pela Delegacia de Defesa da Mulher de Santos (SP), que afirmou, em nota, que \u201ca v\u00edtima, de 26 anos, compareceu na delegacia na tarde desta sexta-feira [4] e prestou depoimento\u201d. Al\u00e9m disso a Pol\u00edcia informou que \u201cdilig\u00eancias [&hellip;]<\/p>\n","protected":false},"author":246,"featured_media":216899,"comment_status":"closed","ping_status":"closed","sticky":false,"template":"","format":"standard","meta":{"footnotes":""},"categories":[436,257,439],"tags":[],"class_list":["post-216898","post","type-post","status-publish","format-standard","has-post-thumbnail","hentry","category-destaque-da-semana","category-esporte","category-ultima-hora"],"_links":{"self":[{"href":"https:\/\/diarioregionaldigital.com.br\/index.php?rest_route=\/wp\/v2\/posts\/216898","targetHints":{"allow":["GET"]}}],"collection":[{"href":"https:\/\/diarioregionaldigital.com.br\/index.php?rest_route=\/wp\/v2\/posts"}],"about":[{"href":"https:\/\/diarioregionaldigital.com.br\/index.php?rest_route=\/wp\/v2\/types\/post"}],"author":[{"embeddable":true,"href":"https:\/\/diarioregionaldigital.com.br\/index.php?rest_route=\/wp\/v2\/users\/246"}],"replies":[{"embeddable":true,"href":"https:\/\/diarioregionaldigital.com.br\/index.php?rest_route=%2Fwp%2Fv2%2Fcomments&post=216898"}],"version-history":[{"count":1,"href":"https:\/\/diarioregionaldigital.com.br\/index.php?rest_route=\/wp\/v2\/posts\/216898\/revisions"}],"predecessor-version":[{"id":216900,"href":"https:\/\/diarioregionaldigital.com.br\/index.php?rest_route=\/wp\/v2\/posts\/216898\/revisions\/216900"}],"wp:featuredmedia":[{"embeddable":true,"href":"https:\/\/diarioregionaldigital.com.br\/index.php?rest_route=\/wp\/v2\/media\/216899"}],"wp:attachment":[{"href":"https:\/\/diarioregionaldigital.com.br\/index.php?rest_route=%2Fwp%2Fv2%2Fmedia&parent=216898"}],"wp:term":[{"taxonomy":"category","embeddable":true,"href":"https:\/\/diarioregionaldigital.com.br\/index.php?rest_route=%2Fwp%2Fv2%2Fcategories&post=216898"},{"taxonomy":"post_tag","embeddable":true,"href":"https:\/\/diarioregionaldigital.com.br\/index.php?rest_route=%2Fwp%2Fv2%2Ftags&post=216898"}],"curies":[{"name":"wp","href":"https:\/\/api.w.org\/{rel}","templated":true}]}}