{"id":216895,"date":"2023-08-05T02:05:49","date_gmt":"2023-08-05T05:05:49","guid":{"rendered":"https:\/\/diarioregionaldigital.com.br\/?p=216895"},"modified":"2023-08-05T02:05:49","modified_gmt":"2023-08-05T05:05:49","slug":"mundial-de-natacao-carol-santiago-e-cecilia-araujo-conquistam-ouro","status":"publish","type":"post","link":"https:\/\/diarioregionaldigital.com.br\/?p=216895","title":{"rendered":"Mundial de nata\u00e7\u00e3o: Carol Santiago e Cec\u00edlia Ara\u00fajo conquistam ouro"},"content":{"rendered":"<p>O Brasil conquistou mais duas medalhas de ouro nesta sexta-feira (4), pen\u00faltimo dia do Mundial de nata\u00e7\u00e3o paral\u00edmpica de Manchester (Inglaterra). As conquistas vieram com a potiguar Cec\u00edlia Ara\u00fajo, da classe S8 (limita\u00e7\u00e3o f\u00edsico-motora), e com a pernambucana Carol Santiago, da classe S12 (baixa vis\u00e3o).<img decoding=\"async\" src=\"https:\/\/agenciabrasil.ebc.com.br\/ebc.png?id=1547595&amp;o=node\" \/><img decoding=\"async\" src=\"https:\/\/agenciabrasil.ebc.com.br\/ebc.gif?id=1547595&amp;o=node\" \/><\/p>\n<p>Al\u00e9m dos t\u00edtulos de Cec\u00edlia e Carol, o Brasil garantiu duas pratas &#8211; com a mineira Patr\u00edcia Pereira, nos 50 metros livre da classe S4 (limita\u00e7\u00e3o f\u00edsico-motora), e com o fluminense Daniel Mendes, nos 50 metros livre S6 (limita\u00e7\u00e3o f\u00edsico-motora) &#8211; e mais quatro bronzes &#8211; com a paraense Lucilene Sousa, nos 100 metros livre S12, com o paulista Gabriel Cristiano, nos 50 metros livre S8, com a ga\u00facha Susana Schnarndorf, nos 50 metros livre S3 (limita\u00e7\u00e3o f\u00edsico-motora), e com o revezamento misto 4&#215;100 metros medley 34 pontos.<\/p>\n<p>Com estas conquistas o Brasil chegou ao total de 36 p\u00f3dios no torneio (12 ouros, 10 pratas e 14 bronzes) e ocupa a quarta coloca\u00e7\u00e3o do quadro de medalhas. A lideran\u00e7a \u00e9 da It\u00e1lia, a China est\u00e1 em segundo e a Ucr\u00e2nia est\u00e1 em terceiro.<\/p>\n<p>O ouro de Cec\u00edlia foi o segundo conquistado no Reino Unido em um per\u00edodo de 24 horas. Ap\u00f3s subir ao lugar mais alto do p\u00f3dio nos 100 metros livre na \u00faltima quinta-feira (3) ela se sagrou tricampe\u00e3 mundial (Cidade do M\u00e9xico, Ilha da Madeira e Manchester) nos 50 metros livre da classe S8 com o tempo de 30s03, novo recorde das Am\u00e9ricas.<\/p>\n<p>\u201cFaltaram tr\u00eas cent\u00e9simos para eu chegar \u00e0 marca de 29 segundos, que \u00e9 a minha meta. Mas fico feliz porque sei que vou conseguir em breve. Tive algumas falhas na prova. Ent\u00e3o, os 29 segundos est\u00e3o dentro de mim. Esse tempo \u00e9 real. Sempre queremos mais, mas tenho que agradecer por ter feito o melhor tempo da vida e conquistado mais um t\u00edtulo\u201d, disse a potiguar.<\/p>\n<p>J\u00e1 Carol Santiago disputou sua sexta prova em cinco dias de Mundial, subindo ao p\u00f3dio em todas. Foram quatro ouros (100 metros livre, costas e borboleta, al\u00e9m dos 50 metros livre), uma prata (100 metros peito) e um bronze (revezamento 4&#215;100 metros medley 49 pontos). A \u00faltima medalha dourada at\u00e9 aqui veio nos 100 metros livre, com o recorde da competi\u00e7\u00e3o: 58s87.<\/p>\n<p>\u201cAcordei me sentindo um pouco mais cansada hoje. Confesso que foi mais psicol\u00f3gico do que fisicamente. O programa \u00e9 muito longo. Mas, \u00e0 tarde, j\u00e1 estava mais organizada. Comemorei com o L\u00e9o [Leonardo Tomasello, t\u00e9cnico], pois fiz bem a primeira metade da prova. Ele me disse que estou no caminho certo e posso nadar ainda melhor nos Jogos Paral\u00edmpicos de Paris\u201d, explicou a pernambucana.<\/p>\n<p><span style=\"font-weight: 400;\"><br \/>\n<\/span><span style=\"font-weight: 400;\">Fonte: Ag\u00eancia Brasil <\/span><\/p>\n","protected":false},"excerpt":{"rendered":"<p>O Brasil conquistou mais duas medalhas de ouro nesta sexta-feira (4), pen\u00faltimo dia do Mundial de nata\u00e7\u00e3o paral\u00edmpica de Manchester (Inglaterra). As conquistas vieram com a potiguar Cec\u00edlia Ara\u00fajo, da classe S8 (limita\u00e7\u00e3o f\u00edsico-motora), e com a pernambucana Carol Santiago, da classe S12 (baixa vis\u00e3o). Al\u00e9m dos t\u00edtulos de Cec\u00edlia e Carol, o Brasil garantiu [&hellip;]<\/p>\n","protected":false},"author":246,"featured_media":216896,"comment_status":"closed","ping_status":"closed","sticky":false,"template":"","format":"standard","meta":{"footnotes":""},"categories":[436,440,257,439],"tags":[],"class_list":["post-216895","post","type-post","status-publish","format-standard","has-post-thumbnail","hentry","category-destaque-da-semana","category-destaques-do-dia","category-esporte","category-ultima-hora"],"_links":{"self":[{"href":"https:\/\/diarioregionaldigital.com.br\/index.php?rest_route=\/wp\/v2\/posts\/216895","targetHints":{"allow":["GET"]}}],"collection":[{"href":"https:\/\/diarioregionaldigital.com.br\/index.php?rest_route=\/wp\/v2\/posts"}],"about":[{"href":"https:\/\/diarioregionaldigital.com.br\/index.php?rest_route=\/wp\/v2\/types\/post"}],"author":[{"embeddable":true,"href":"https:\/\/diarioregionaldigital.com.br\/index.php?rest_route=\/wp\/v2\/users\/246"}],"replies":[{"embeddable":true,"href":"https:\/\/diarioregionaldigital.com.br\/index.php?rest_route=%2Fwp%2Fv2%2Fcomments&post=216895"}],"version-history":[{"count":1,"href":"https:\/\/diarioregionaldigital.com.br\/index.php?rest_route=\/wp\/v2\/posts\/216895\/revisions"}],"predecessor-version":[{"id":216897,"href":"https:\/\/diarioregionaldigital.com.br\/index.php?rest_route=\/wp\/v2\/posts\/216895\/revisions\/216897"}],"wp:featuredmedia":[{"embeddable":true,"href":"https:\/\/diarioregionaldigital.com.br\/index.php?rest_route=\/wp\/v2\/media\/216896"}],"wp:attachment":[{"href":"https:\/\/diarioregionaldigital.com.br\/index.php?rest_route=%2Fwp%2Fv2%2Fmedia&parent=216895"}],"wp:term":[{"taxonomy":"category","embeddable":true,"href":"https:\/\/diarioregionaldigital.com.br\/index.php?rest_route=%2Fwp%2Fv2%2Fcategories&post=216895"},{"taxonomy":"post_tag","embeddable":true,"href":"https:\/\/diarioregionaldigital.com.br\/index.php?rest_route=%2Fwp%2Fv2%2Ftags&post=216895"}],"curies":[{"name":"wp","href":"https:\/\/api.w.org\/{rel}","templated":true}]}}