{"id":216892,"date":"2023-08-05T01:59:24","date_gmt":"2023-08-05T04:59:24","guid":{"rendered":"https:\/\/diarioregionaldigital.com.br\/?p=216892"},"modified":"2023-08-05T01:59:24","modified_gmt":"2023-08-05T04:59:24","slug":"policia-federal-e-ibama-desmontam-garimpos-ilegais-em-mato-grosso","status":"publish","type":"post","link":"https:\/\/diarioregionaldigital.com.br\/?p=216892","title":{"rendered":"Pol\u00edcia Federal e Ibama desmontam garimpos ilegais em Mato Grosso"},"content":{"rendered":"<p>O Instituto Brasileiro do Meio Ambiente e dos Recursos Naturais Renov\u00e1veis (Ibama), o Instituto Chico Mendes de Conserva\u00e7\u00e3o da Biodiversidade (ICMBio) e a Pol\u00edcia Federal (PF) encerraram, nesta quinta-feira (3) a Opera\u00e7\u00e3o Ibi-\u00c7oroc de combate \u00e0 extra\u00e7\u00e3o de ouro e desmatamento ilegais no Parque Nacional do Juruena (PNJu), em Nova Bandeirantes, regi\u00e3o norte de Mato Grosso. O termo Ibi-\u00c7oroc, na l\u00edngua Tupi, significa terra rasgada, e foi usado na opera\u00e7\u00e3o para se referir \u00e0 a\u00e7\u00e3o dos garimpos ilegais que promovem a eros\u00e3o das margens, o desvio e o assoreamento do curso dos rios.\u00a0<img decoding=\"async\" src=\"https:\/\/agenciabrasil.ebc.com.br\/ebc.png?id=1547508&amp;o=node\" \/><img decoding=\"async\" src=\"https:\/\/agenciabrasil.ebc.com.br\/ebc.gif?id=1547508&amp;o=node\" \/><\/p>\n<p>Imagens de sat\u00e9lites do Programa Brasil M.A.I.S. (Meio Ambiente Integrado e Seguro), coordenado pelo Minist\u00e9rio da Justi\u00e7a e Seguran\u00e7a P\u00fablica, mostraram que garimpeiros e grileiros praticavam delitos em terras da regi\u00e3o, com a devasta\u00e7\u00e3o de \u00e1reas de prote\u00e7\u00e3o ambiental, al\u00e9m de desmatamento e grilagem (posse ilegal) de terras p\u00fablicas.<\/p>\n<p>Levantamentos preliminares da per\u00edcia da PF apontam danos ambientais imediatos no valor de R$ 46 milh\u00f5es, s\u00f3 com a atividade miner\u00e1ria, e de R$ 300 milh\u00f5es, com o desmatamento ilegal financiado pela minera\u00e7\u00e3o.<\/p>\n<p>As investiga\u00e7\u00f5es policiais revelaram que, ao se apropriar de terras p\u00fablicas, os grileiros se associaram a garimpeiros para explorar a \u00e1rea, mediante a cobran\u00e7a de um percentual do min\u00e9rio extra\u00eddo.<\/p>\n<p>Esta associa\u00e7\u00e3o criminosa provocou o desmatamento de \u00e1reas de floresta prim\u00e1ria e degrada\u00e7\u00e3o de igarap\u00e9s intocados. Era perto desses cursos d\u2019\u00e1gua estreitos e rasos que os criminosos instalavam o maquin\u00e1rio de minera\u00e7\u00e3o.<\/p>\n<h2>Opera\u00e7\u00e3o<\/h2>\n<div class=\"dnd-widget-wrapper context-cheio_8colunas type-image\">\n<div class=\"dnd-atom-rendered\">\n<div class=\"shadow overflow-hidden rounded-lg d-block zoom-on-hover-sm shadow-hover w-100\"><img decoding=\"async\" class=\"flex-fill img-cover\" title=\"Policia Federal\/divulga\u00e7\u00e3o\" src=\"https:\/\/imagens.ebc.com.br\/qv4Og5kIDc0tf9ezkHx7oj_s3i4=\/754x0\/smart\/https:\/\/agenciabrasil.ebc.com.br\/sites\/default\/files\/thumbnails\/image\/2d90bbab-253b-42b8-ae08-1ede6041f033.jpg?itok=fXk3vPHi\" alt=\"Sinop (MT) -  A Pol\u00edcia Federal, em a\u00e7\u00e3o conjunta com o Ibama e o ICMBio, realizou opera\u00e7\u00e3o de combate \u00e0 extra\u00e7\u00e3o ouro e desmatamento ilegais no Parque Nacional do Juruena (PNJu), em Nova Bandeirantes, regi\u00e3o norte do estado de Mato Grosso. A Opera\u00e7\u00e3o Ibi-\u00c7oroc foi deflagrada no dia 1\/8 e teve os trabalhos estendidos at\u00e9 no  final da tarde  desta quinta-feira, dia 3\/4.\nFoto: Policia Federal\/Divulga\u00e7\u00e3o\" \/><\/div>\n<\/div>\n<div class=\"dnd-caption-wrapper\">\n<div class=\"meta\">Ap\u00f3s infiltra\u00e7\u00f5es por terra, agentes constataram exist\u00eancia de lavras garimpeiras rec\u00e9m-abertas &#8211;\u00a0<strong>Pol\u00edcia Federal\/Divulga\u00e7\u00e3o<\/strong><\/div>\n<\/div>\n<\/div>\n<p>A partir do monitoramento georreferenciado, a emiss\u00e3o de alertas de desmatamento e minera\u00e7\u00e3o ilegal permitiu aos agentes federais identificar os crimes em est\u00e1gio inicial, com localiza\u00e7\u00e3o de 24 novas frentes de lavra de minera\u00e7\u00e3o ilegal, assim como de seus acessos, em um total de 260 hectares de \u00e1reas rec\u00e9m abertas, sendo 95 delas, no interior do Parque do Juruena.<\/p>\n<p>Os agentes das tr\u00eas institui\u00e7\u00f5es fizeram infiltra\u00e7\u00f5es por terra e constataram a exist\u00eancia de frentes de lavras garimpeiras rec\u00e9m-abertas. Para coibir novas investidas criminosas, descapitalizar o grupo e combater amea\u00e7as ao meio ambiente, todos os equipamentos de extra\u00e7\u00e3o de min\u00e9rios instalados e em opera\u00e7\u00e3o nas lavras ilegais foram inutilizados ou destru\u00eddos, sendo cinco escavadeiras hidr\u00e1ulicas de m\u00e9dio e grande porte, dez dragas (conjunto motor-bomba de recalque em instala\u00e7\u00f5es hidr\u00e1ulicas), al\u00e9m de acampamentos com estrutura de refeit\u00f3rio e alojamento para os garimpeiros. A Pol\u00edcia Federal estima preju\u00edzo imediato de mais de R$ 4 milh\u00f5es aos infratores.<\/p>\n<p>Na opera\u00e7\u00e3o, que teve in\u00edcio no dia 1\u00b0, foi preso o presidente da Cooperativa de Minera\u00e7\u00e3o de Nova Bandeirantes (Cooperrios), respons\u00e1vel pela opera\u00e7\u00e3o ilegal de garimpo na regi\u00e3o, sem autoriza\u00e7\u00e3o de lavra da Ag\u00eancia Nacional de Minera\u00e7\u00e3o. A estimativa \u00e9 que a pena somada dos crimes referentes ao garimpo ilegal chegue a seis anos de pris\u00e3o.<\/p>\n<p>De acordo com a Pol\u00edcia Federal, as investiga\u00e7\u00f5es e investidas das for\u00e7as do Estado contra os delitos ambientais continuam. Neste momento da atua\u00e7\u00e3o dos agentes, haver\u00e1 foco na identifica\u00e7\u00e3o dos l\u00edderes e demais integrantes da associa\u00e7\u00e3o criminosa, bem como em sua completa descapitaliza\u00e7\u00e3o.<\/p>\n<p>Novos procedimentos devem ser adotados para que seja cobrada a repara\u00e7\u00e3o de danos impostos \u00e0 sociedade e ao meio ambiente.<\/p>\n<p><span style=\"font-weight: 400;\"><br \/>\n<\/span><span style=\"font-weight: 400;\">Fonte: Ag\u00eancia Brasil <\/span><\/p>\n","protected":false},"excerpt":{"rendered":"<p>O Instituto Brasileiro do Meio Ambiente e dos Recursos Naturais Renov\u00e1veis (Ibama), o Instituto Chico Mendes de Conserva\u00e7\u00e3o da Biodiversidade (ICMBio) e a Pol\u00edcia Federal (PF) encerraram, nesta quinta-feira (3) a Opera\u00e7\u00e3o Ibi-\u00c7oroc de combate \u00e0 extra\u00e7\u00e3o de ouro e desmatamento ilegais no Parque Nacional do Juruena (PNJu), em Nova Bandeirantes, regi\u00e3o norte de Mato [&hellip;]<\/p>\n","protected":false},"author":246,"featured_media":216893,"comment_status":"closed","ping_status":"closed","sticky":false,"template":"","format":"standard","meta":{"footnotes":""},"categories":[436,254,439],"tags":[],"class_list":["post-216892","post","type-post","status-publish","format-standard","has-post-thumbnail","hentry","category-destaque-da-semana","category-politica","category-ultima-hora"],"_links":{"self":[{"href":"https:\/\/diarioregionaldigital.com.br\/index.php?rest_route=\/wp\/v2\/posts\/216892","targetHints":{"allow":["GET"]}}],"collection":[{"href":"https:\/\/diarioregionaldigital.com.br\/index.php?rest_route=\/wp\/v2\/posts"}],"about":[{"href":"https:\/\/diarioregionaldigital.com.br\/index.php?rest_route=\/wp\/v2\/types\/post"}],"author":[{"embeddable":true,"href":"https:\/\/diarioregionaldigital.com.br\/index.php?rest_route=\/wp\/v2\/users\/246"}],"replies":[{"embeddable":true,"href":"https:\/\/diarioregionaldigital.com.br\/index.php?rest_route=%2Fwp%2Fv2%2Fcomments&post=216892"}],"version-history":[{"count":1,"href":"https:\/\/diarioregionaldigital.com.br\/index.php?rest_route=\/wp\/v2\/posts\/216892\/revisions"}],"predecessor-version":[{"id":216894,"href":"https:\/\/diarioregionaldigital.com.br\/index.php?rest_route=\/wp\/v2\/posts\/216892\/revisions\/216894"}],"wp:featuredmedia":[{"embeddable":true,"href":"https:\/\/diarioregionaldigital.com.br\/index.php?rest_route=\/wp\/v2\/media\/216893"}],"wp:attachment":[{"href":"https:\/\/diarioregionaldigital.com.br\/index.php?rest_route=%2Fwp%2Fv2%2Fmedia&parent=216892"}],"wp:term":[{"taxonomy":"category","embeddable":true,"href":"https:\/\/diarioregionaldigital.com.br\/index.php?rest_route=%2Fwp%2Fv2%2Fcategories&post=216892"},{"taxonomy":"post_tag","embeddable":true,"href":"https:\/\/diarioregionaldigital.com.br\/index.php?rest_route=%2Fwp%2Fv2%2Ftags&post=216892"}],"curies":[{"name":"wp","href":"https:\/\/api.w.org\/{rel}","templated":true}]}}