{"id":216889,"date":"2023-08-05T01:58:03","date_gmt":"2023-08-05T04:58:03","guid":{"rendered":"https:\/\/diarioregionaldigital.com.br\/?p=216889"},"modified":"2023-08-05T01:58:03","modified_gmt":"2023-08-05T04:58:03","slug":"ministro-do-stf-absolve-acusado-de-furtar-camisa-de-r-65","status":"publish","type":"post","link":"https:\/\/diarioregionaldigital.com.br\/?p=216889","title":{"rendered":"Ministro do STF absolve acusado de furtar camisa de R$ 65"},"content":{"rendered":"<p>O ministro Andr\u00e9 Mendon\u00e7a, do Supremo Tribunal Federal (STF), absolveu um homem condenado pelo furto de uma camisa avaliada em R$ 65. Na decis\u00e3o, assinada na ter\u00e7a-feira (1\u00b0), o ministro aplicou o princ\u00edpio da insignific\u00e2ncia para anular a condena\u00e7\u00e3o.<img decoding=\"async\" src=\"https:\/\/agenciabrasil.ebc.com.br\/ebc.png?id=1547590&amp;o=node\" \/><img decoding=\"async\" src=\"https:\/\/agenciabrasil.ebc.com.br\/ebc.gif?id=1547590&amp;o=node\" \/><\/p>\n<p>Mendon\u00e7a aceitou pedido de absolvi\u00e7\u00e3o feito pela Defensoria P\u00fablica de Minas Gerais. Ele foi condenado pela Justi\u00e7a do estado a dois anos de pris\u00e3o em regime fechado pelo furto da pe\u00e7a de roupa.<\/p>\n<p>Antes de chegar ao Supremo, o r\u00e9u obteve a redu\u00e7\u00e3o da pena para um ano de pris\u00e3o, mas o Superior Tribunal de Justi\u00e7a (STJ) manteve a condena\u00e7\u00e3o por entender que o caso envolve um acusado reincidente por quatro vezes.<\/p>\n<p>Ao determinar a absolvi\u00e7\u00e3o, Andr\u00e9 Mendon\u00e7a avaliou que a conduta n\u00e3o caracterizou grave amea\u00e7a e que somente os antecedentes n\u00e3o impedem a aplica\u00e7\u00e3o do benef\u00edcio.<\/p>\n<p>\u201cO princ\u00edpio da insignific\u00e2ncia foi afastado, exclusivamente, em raz\u00e3o do hist\u00f3rico criminal do paciente, tendo em vista as m\u00faltiplas condena\u00e7\u00f5es transitadas em julgado. Tal circunst\u00e2ncia, por\u00e9m, n\u00e3o \u00e9 apta a, isoladamente, impedir a benesse\u201d, concluiu o ministro.<\/p>\n<p><span style=\"font-weight: 400;\">Fonte: Ag\u00eancia Brasil <\/span><\/p>\n","protected":false},"excerpt":{"rendered":"<p>O ministro Andr\u00e9 Mendon\u00e7a, do Supremo Tribunal Federal (STF), absolveu um homem condenado pelo furto de uma camisa avaliada em R$ 65. Na decis\u00e3o, assinada na ter\u00e7a-feira (1\u00b0), o ministro aplicou o princ\u00edpio da insignific\u00e2ncia para anular a condena\u00e7\u00e3o. Mendon\u00e7a aceitou pedido de absolvi\u00e7\u00e3o feito pela Defensoria P\u00fablica de Minas Gerais. Ele foi condenado pela [&hellip;]<\/p>\n","protected":false},"author":246,"featured_media":216890,"comment_status":"closed","ping_status":"closed","sticky":false,"template":"","format":"standard","meta":{"footnotes":""},"categories":[436,254,439],"tags":[],"class_list":["post-216889","post","type-post","status-publish","format-standard","has-post-thumbnail","hentry","category-destaque-da-semana","category-politica","category-ultima-hora"],"_links":{"self":[{"href":"https:\/\/diarioregionaldigital.com.br\/index.php?rest_route=\/wp\/v2\/posts\/216889","targetHints":{"allow":["GET"]}}],"collection":[{"href":"https:\/\/diarioregionaldigital.com.br\/index.php?rest_route=\/wp\/v2\/posts"}],"about":[{"href":"https:\/\/diarioregionaldigital.com.br\/index.php?rest_route=\/wp\/v2\/types\/post"}],"author":[{"embeddable":true,"href":"https:\/\/diarioregionaldigital.com.br\/index.php?rest_route=\/wp\/v2\/users\/246"}],"replies":[{"embeddable":true,"href":"https:\/\/diarioregionaldigital.com.br\/index.php?rest_route=%2Fwp%2Fv2%2Fcomments&post=216889"}],"version-history":[{"count":1,"href":"https:\/\/diarioregionaldigital.com.br\/index.php?rest_route=\/wp\/v2\/posts\/216889\/revisions"}],"predecessor-version":[{"id":216891,"href":"https:\/\/diarioregionaldigital.com.br\/index.php?rest_route=\/wp\/v2\/posts\/216889\/revisions\/216891"}],"wp:featuredmedia":[{"embeddable":true,"href":"https:\/\/diarioregionaldigital.com.br\/index.php?rest_route=\/wp\/v2\/media\/216890"}],"wp:attachment":[{"href":"https:\/\/diarioregionaldigital.com.br\/index.php?rest_route=%2Fwp%2Fv2%2Fmedia&parent=216889"}],"wp:term":[{"taxonomy":"category","embeddable":true,"href":"https:\/\/diarioregionaldigital.com.br\/index.php?rest_route=%2Fwp%2Fv2%2Fcategories&post=216889"},{"taxonomy":"post_tag","embeddable":true,"href":"https:\/\/diarioregionaldigital.com.br\/index.php?rest_route=%2Fwp%2Fv2%2Ftags&post=216889"}],"curies":[{"name":"wp","href":"https:\/\/api.w.org\/{rel}","templated":true}]}}