{"id":216886,"date":"2023-08-05T01:56:38","date_gmt":"2023-08-05T04:56:38","guid":{"rendered":"https:\/\/diarioregionaldigital.com.br\/?p=216886"},"modified":"2023-08-05T01:56:38","modified_gmt":"2023-08-05T04:56:38","slug":"em-voto-mendonca-se-declara-apto-a-julgar-marco-de-terras-indigenas","status":"publish","type":"post","link":"https:\/\/diarioregionaldigital.com.br\/?p=216886","title":{"rendered":"Em voto, Mendon\u00e7a se declara apto a julgar marco de terras ind\u00edgenas"},"content":{"rendered":"<p>O ministro Andr\u00e9 Mendon\u00e7a, do Supremo Tribunal Federal (STF), votou hoje (4) para que seja permitida a sua participa\u00e7\u00e3o no julgamento que delibera sobre a aplica\u00e7\u00e3o de um marco temporal para a demarca\u00e7\u00e3o de terras ind\u00edgenas.\u00a0<img decoding=\"async\" src=\"https:\/\/agenciabrasil.ebc.com.br\/ebc.png?id=1547501&amp;o=node\" \/><img decoding=\"async\" src=\"https:\/\/agenciabrasil.ebc.com.br\/ebc.gif?id=1547501&amp;o=node\" \/><\/p>\n<p>A quest\u00e3o sobre o eventual impedimento do ministro para julgar o caso foi colocado em vota\u00e7\u00e3o numa quest\u00e3o de ordem levantada pelo pr\u00f3prio Mendon\u00e7a, e que come\u00e7ou a ser julgada nesta sexta-feira (4) no plen\u00e1rio virtual do Supremo. Os demais ministros t\u00eam at\u00e9 14 de agosto, \u00e0s 23h59, para votar.<\/p>\n<p>Mendon\u00e7a, que em junho pediu vista (mais tempo de an\u00e1lise) e interrompeu o julgamento do assunto, levantou voluntariamente a nova quest\u00e3o de ordem, ap\u00f3s verificar que assinou uma das manifesta\u00e7\u00f5es no processo quando ainda era advogado-geral da Uni\u00e3o, durante o governo de Jair Bolsonaro.<\/p>\n<p>Para o ministro, sendo assim, haveria impedimento somente para que ele pudesse votar no caso espec\u00edfico que levou o tema ao plen\u00e1rio, mas n\u00e3o na tese final do julgamento, que possui repercuss\u00e3o geral e cujo desfecho de servir de par\u00e2metro para todos os casos similares.<\/p>\n<p>\u201cNos recursos extraordin\u00e1rios apreciados sob a sistem\u00e1tica da repercuss\u00e3o geral, o impedimento restringe-se \u00e0 etapa da vota\u00e7\u00e3o referente ao processo subjetivo e \u00e0 conclus\u00e3o de julgamento aplicada \u00e0s partes, por\u00e9m, n\u00e3o se aplica \u00e0 fixa\u00e7\u00e3o e vota\u00e7\u00e3o da tese constitucional\u201d, escreveu Mendon\u00e7a, ap\u00f3s apresentar argumentos jur\u00eddicos e precedentes.<\/p>\n<p>Antes de ser interrompido, o placar de julgamento estava em 2 a 1 contra o marco temporal. Edson Fachin e Alexandre de Moraes se manifestaram contra o entendimento, e Nunes Marques se manifestou a favor.<\/p>\n<p>A expectativa \u00e9 que Mendon\u00e7a possa liberar o processo para julgamento antes da aposentadoria da presidente da Corte, Rosa Weber, em outubro. Em junho, ap\u00f3s o ministro pedir vista e suspender o julgamento do marco temporal, a presidente disse que quer votar antes de se aposentar.<\/p>\n<p>O caso concreto trata de uma disputa por uma \u00e1rea em Santa Catarina. Ao final, a tese de repercuss\u00e3o geral estabelecida pelo Supremo dever\u00e1 responder se as popula\u00e7\u00f5es nativas t\u00eam direito ou n\u00e3o sobre territ\u00f3rios que n\u00e3o ocupavam no momento da proclama\u00e7\u00e3o da Constitui\u00e7\u00e3o de 1988, mesmo que haja comprova\u00e7\u00e3o de sua presen\u00e7a anterior.<\/p>\n<p><span style=\"font-weight: 400;\">Fonte: Ag\u00eancia Brasil <\/span><\/p>\n","protected":false},"excerpt":{"rendered":"<p>O ministro Andr\u00e9 Mendon\u00e7a, do Supremo Tribunal Federal (STF), votou hoje (4) para que seja permitida a sua participa\u00e7\u00e3o no julgamento que delibera sobre a aplica\u00e7\u00e3o de um marco temporal para a demarca\u00e7\u00e3o de terras ind\u00edgenas.\u00a0 A quest\u00e3o sobre o eventual impedimento do ministro para julgar o caso foi colocado em vota\u00e7\u00e3o numa quest\u00e3o de [&hellip;]<\/p>\n","protected":false},"author":246,"featured_media":216887,"comment_status":"closed","ping_status":"closed","sticky":false,"template":"","format":"standard","meta":{"footnotes":""},"categories":[436,254,439],"tags":[],"class_list":["post-216886","post","type-post","status-publish","format-standard","has-post-thumbnail","hentry","category-destaque-da-semana","category-politica","category-ultima-hora"],"_links":{"self":[{"href":"https:\/\/diarioregionaldigital.com.br\/index.php?rest_route=\/wp\/v2\/posts\/216886","targetHints":{"allow":["GET"]}}],"collection":[{"href":"https:\/\/diarioregionaldigital.com.br\/index.php?rest_route=\/wp\/v2\/posts"}],"about":[{"href":"https:\/\/diarioregionaldigital.com.br\/index.php?rest_route=\/wp\/v2\/types\/post"}],"author":[{"embeddable":true,"href":"https:\/\/diarioregionaldigital.com.br\/index.php?rest_route=\/wp\/v2\/users\/246"}],"replies":[{"embeddable":true,"href":"https:\/\/diarioregionaldigital.com.br\/index.php?rest_route=%2Fwp%2Fv2%2Fcomments&post=216886"}],"version-history":[{"count":1,"href":"https:\/\/diarioregionaldigital.com.br\/index.php?rest_route=\/wp\/v2\/posts\/216886\/revisions"}],"predecessor-version":[{"id":216888,"href":"https:\/\/diarioregionaldigital.com.br\/index.php?rest_route=\/wp\/v2\/posts\/216886\/revisions\/216888"}],"wp:featuredmedia":[{"embeddable":true,"href":"https:\/\/diarioregionaldigital.com.br\/index.php?rest_route=\/wp\/v2\/media\/216887"}],"wp:attachment":[{"href":"https:\/\/diarioregionaldigital.com.br\/index.php?rest_route=%2Fwp%2Fv2%2Fmedia&parent=216886"}],"wp:term":[{"taxonomy":"category","embeddable":true,"href":"https:\/\/diarioregionaldigital.com.br\/index.php?rest_route=%2Fwp%2Fv2%2Fcategories&post=216886"},{"taxonomy":"post_tag","embeddable":true,"href":"https:\/\/diarioregionaldigital.com.br\/index.php?rest_route=%2Fwp%2Fv2%2Ftags&post=216886"}],"curies":[{"name":"wp","href":"https:\/\/api.w.org\/{rel}","templated":true}]}}