{"id":216883,"date":"2023-08-05T01:54:57","date_gmt":"2023-08-05T04:54:57","guid":{"rendered":"https:\/\/diarioregionaldigital.com.br\/?p=216883"},"modified":"2023-08-05T01:54:57","modified_gmt":"2023-08-05T04:54:57","slug":"stf-preve-para-setembro-primeiros-julgamentos-sobre-8-de-janeiro","status":"publish","type":"post","link":"https:\/\/diarioregionaldigital.com.br\/?p=216883","title":{"rendered":"STF prev\u00ea para setembro primeiros julgamentos sobre 8 de janeiro"},"content":{"rendered":"<p>O Supremo Tribunal Federal (STF) encerrou a fase de interrogat\u00f3rios dos primeiros processos abertos pela Corte contra investigados pelos atos golpistas de 8 de janeiro. Com a finaliza\u00e7\u00e3o dessa fase, 228 a\u00e7\u00f5es penais devem ser liberadas para julgamento em setembro.<img decoding=\"async\" src=\"https:\/\/agenciabrasil.ebc.com.br\/ebc.png?id=1547582&amp;o=node\" \/><img decoding=\"async\" src=\"https:\/\/agenciabrasil.ebc.com.br\/ebc.gif?id=1547582&amp;o=node\" \/><\/p>\n<p>A previs\u00e3o foi feita pelo gabinete do ministro Alexandre de Moraes, relator dos processos oriundos da investiga\u00e7\u00e3o.<\/p>\n<p>Na ter\u00e7a-feira (1\u00b0), foi finalizada a fase de depoimentos de testemunhas de acusa\u00e7\u00e3o e de defesa, al\u00e9m do interrogat\u00f3rio dos acusados.<\/p>\n<p>Foram realizadas as oitivas 386 testemunhas indicadas pelas defesas e o interrogat\u00f3rio de 228 r\u00e9us.<\/p>\n<p>Desde o in\u00edcio das investiga\u00e7\u00f5es, 1.290 investigados se tornaram r\u00e9us no Supremo.<\/p>\n<p>Eles respondem pelos crimes de associa\u00e7\u00e3o criminosa, tentativa de aboli\u00e7\u00e3o violenta do Estado Democr\u00e1tico de Direito, tentativa de golpe de Estado e dano ao patrim\u00f4nio p\u00fablico.<\/p>\n<p><span style=\"font-weight: 400;\"><br \/>\n<\/span><span style=\"font-weight: 400;\">Fonte: Ag\u00eancia Brasil <\/span><\/p>\n","protected":false},"excerpt":{"rendered":"<p>O Supremo Tribunal Federal (STF) encerrou a fase de interrogat\u00f3rios dos primeiros processos abertos pela Corte contra investigados pelos atos golpistas de 8 de janeiro. Com a finaliza\u00e7\u00e3o dessa fase, 228 a\u00e7\u00f5es penais devem ser liberadas para julgamento em setembro. A previs\u00e3o foi feita pelo gabinete do ministro Alexandre de Moraes, relator dos processos oriundos [&hellip;]<\/p>\n","protected":false},"author":246,"featured_media":216884,"comment_status":"closed","ping_status":"closed","sticky":false,"template":"","format":"standard","meta":{"footnotes":""},"categories":[436,440,254,439],"tags":[],"class_list":["post-216883","post","type-post","status-publish","format-standard","has-post-thumbnail","hentry","category-destaque-da-semana","category-destaques-do-dia","category-politica","category-ultima-hora"],"_links":{"self":[{"href":"https:\/\/diarioregionaldigital.com.br\/index.php?rest_route=\/wp\/v2\/posts\/216883","targetHints":{"allow":["GET"]}}],"collection":[{"href":"https:\/\/diarioregionaldigital.com.br\/index.php?rest_route=\/wp\/v2\/posts"}],"about":[{"href":"https:\/\/diarioregionaldigital.com.br\/index.php?rest_route=\/wp\/v2\/types\/post"}],"author":[{"embeddable":true,"href":"https:\/\/diarioregionaldigital.com.br\/index.php?rest_route=\/wp\/v2\/users\/246"}],"replies":[{"embeddable":true,"href":"https:\/\/diarioregionaldigital.com.br\/index.php?rest_route=%2Fwp%2Fv2%2Fcomments&post=216883"}],"version-history":[{"count":1,"href":"https:\/\/diarioregionaldigital.com.br\/index.php?rest_route=\/wp\/v2\/posts\/216883\/revisions"}],"predecessor-version":[{"id":216885,"href":"https:\/\/diarioregionaldigital.com.br\/index.php?rest_route=\/wp\/v2\/posts\/216883\/revisions\/216885"}],"wp:featuredmedia":[{"embeddable":true,"href":"https:\/\/diarioregionaldigital.com.br\/index.php?rest_route=\/wp\/v2\/media\/216884"}],"wp:attachment":[{"href":"https:\/\/diarioregionaldigital.com.br\/index.php?rest_route=%2Fwp%2Fv2%2Fmedia&parent=216883"}],"wp:term":[{"taxonomy":"category","embeddable":true,"href":"https:\/\/diarioregionaldigital.com.br\/index.php?rest_route=%2Fwp%2Fv2%2Fcategories&post=216883"},{"taxonomy":"post_tag","embeddable":true,"href":"https:\/\/diarioregionaldigital.com.br\/index.php?rest_route=%2Fwp%2Fv2%2Ftags&post=216883"}],"curies":[{"name":"wp","href":"https:\/\/api.w.org\/{rel}","templated":true}]}}