{"id":216877,"date":"2023-08-05T01:49:47","date_gmt":"2023-08-05T04:49:47","guid":{"rendered":"https:\/\/diarioregionaldigital.com.br\/?p=216877"},"modified":"2023-08-05T01:49:47","modified_gmt":"2023-08-05T04:49:47","slug":"prates-queda-em-lucro-da-petrobras-nao-tem-relacao-com-nova-politica","status":"publish","type":"post","link":"https:\/\/diarioregionaldigital.com.br\/?p=216877","title":{"rendered":"Prates: Queda em lucro da Petrobras n\u00e3o tem rela\u00e7\u00e3o com nova pol\u00edtica"},"content":{"rendered":"<p>O presidente da Petrobras, Jean Paul Prates, disse nesta sexta-feira (4) que a queda do lucro\u00a0da companhia na compara\u00e7\u00e3o entre o primeiro e o segundo trimestre deste ano n\u00e3o deve ser atribu\u00edda \u00e0 mudan\u00e7a na pol\u00edtica de pre\u00e7os.<img decoding=\"async\" src=\"https:\/\/agenciabrasil.ebc.com.br\/ebc.png?id=1547581&amp;o=node\" \/><img decoding=\"async\" src=\"https:\/\/agenciabrasil.ebc.com.br\/ebc.gif?id=1547581&amp;o=node\" \/><\/p>\n<p>Segundo ele, o principal fator para a queda \u00e9 a varia\u00e7\u00e3o da cota\u00e7\u00e3o do barril de petr\u00f3leo tipo\u00a0<em>brent<\/em>, refer\u00eancia do mercado internacional. Apesar da redu\u00e7\u00e3o, Jean Paul considera que o resultado do segundo trimestre foi positivo.<\/p>\n<p>Os\u00a0<a title=\"https:\/\/agenciabrasil.ebc.com.br\/geral\/noticia\/2023-08\/lucro-liquido-da-petrobras-cai-246-em-relacao-trimestre-anterior\" href=\"https:\/\/agenciabrasil.ebc.com.br\/geral\/noticia\/2023-08\/lucro-liquido-da-petrobras-cai-246-em-relacao-trimestre-anterior\" target=\"_blank\" rel=\"noopener\">resultados do segundo trimestre<\/a>\u00a0de 2023<strong>\u00a0<\/strong>foram divulgados pela Petrobras na noite de ontem (3), ap\u00f3s o fechamento do mercado de a\u00e7\u00f5es. O presidente e os diretores da empresa responderam nesta sexta-feira (4) a perguntas de acionistas e de jornalistas. Conforme os dados, foi registrado um lucro l\u00edquido de R$ 28,8 bilh\u00f5es no per\u00edodo. Trata-se do d\u00e9cimo maior lucro trimestral da hist\u00f3ria da empresa. Ainda assim, na compara\u00e7\u00e3o com o primeiro trimestre do ano, houve uma queda de 24,6%.<\/p>\n<p>&#8220;\u00c9 bom que se diga que a queda se deve \u00e0 varia\u00e7\u00e3o do pre\u00e7o do petr\u00f3leo tipo\u00a0<em>brent<\/em>\u00a0e das margens internacionais, especialmente a do diesel. Eu fa\u00e7o aqui essa coloca\u00e7\u00e3o porque eu vi v\u00e1rias pessoas j\u00e1 imputando ou tentando atribuir o resultado \u00e0 pol\u00edtica de pre\u00e7o. \u00c9 absolutamente desconexa essa linha de racioc\u00ednio. N\u00f3s tivemos uma queda brutal do<em>\u00a0brent<\/em>. Estamos numa outra circunst\u00e2ncia. Essa circunst\u00e2ncia atinge por igual as nossas empresas-irm\u00e3s, tanto privadas quanto estatais&#8221;, explicou Jean Paul Prates.<\/p>\n<p>Prates disse que a avalia\u00e7\u00e3o do desempenho da Petrobras deve levar em conta a compara\u00e7\u00e3o entre as empresas com participa\u00e7\u00e3o no mercado acion\u00e1rio. &#8220;Em termos de fluxo de caixa operacional, que \u00e9 o faturamento menos despesas e custos, essas empresas ca\u00edram em m\u00e9dia US$ 6,5 bilh\u00f5es. N\u00f3s ca\u00edmos abaixo da m\u00e9dia, com US$ 4,9 bilh\u00f5es. \u00c9 como se a gente tivesse numa piscina cheia e de repente ficasse meia piscina e tivesse que nadar em um ambiente diferente. E n\u00f3s desempenhamos melhor do que a m\u00e9dia das nossas empresas-irm\u00e3s\u201d, afirmou, citando que os investimentos da estatal no segundo trimestre somaram US$ 3,2 bilh\u00f5es, 31% acima em rela\u00e7\u00e3o ao primeiro trimestre.<\/p>\n<h2>Pol\u00edtica de pre\u00e7os<\/h2>\n<p>A\u00a0<a title=\"https:\/\/agenciabrasil.ebc.com.br\/economia\/noticia\/2023-05\/entenda-o-que-muda-na-politica-de-precos-dos-combustiveis\" href=\"https:\/\/agenciabrasil.ebc.com.br\/economia\/noticia\/2023-05\/entenda-o-que-muda-na-politica-de-precos-dos-combustiveis\" target=\"_blank\" rel=\"noopener\">nova pol\u00edtica de pre\u00e7os<\/a>\u00a0dos combust\u00edveis<b>\u00a0<\/b>da Petrobras foi adotada em maio, que representou o fim do Pre\u00e7o de Paridade Internacional (PPI), que vinha sendo adotado h\u00e1 mais de seis anos. Desde 2016, os pre\u00e7os praticados no pa\u00eds se vinculavam aos valores no mercado internacional tendo como refer\u00eancia o pre\u00e7o do barril de petr\u00f3leo tipo\u00a0<em>brent<\/em>, que \u00e9 calculado em d\u00f3lar. Essa pr\u00e1tica gerou distribui\u00e7\u00e3o de dividendos recordes aos acionistas da empresa.<\/p>\n<p>No novo modelo, a Petrobras n\u00e3o deixa de levar em conta o mercado internacional, mas incorpora refer\u00eancias do mercado interno. O fim do PPI havia sido uma promessa feita pelo presidente Luiz In\u00e1cio Lula da Silva durante a campanha eleitoral no ano passado. Ele defendeu a necessidade de &#8220;abrasileirar&#8221; o pre\u00e7o dos combust\u00edveis. Ao anunciar a mudan\u00e7a, a Petrobras tamb\u00e9m reduziu de imediato os pre\u00e7os dos combust\u00edveis.<\/p>\n<p>Jean Paul Prates voltou a defender a nova pol\u00edtica de pre\u00e7os, sob o argumento de que a gest\u00e3o atual tem gerado credibilidade. O presidente da empresa avalia que a solidez financeira e a transpar\u00eancia relacionada tanto com a pol\u00edtica de pre\u00e7os quanto com a pol\u00edtica de dividendos influenciam na boa avalia\u00e7\u00e3o do mercado, que resultou recentemente na\u00a0<a title=\"https:\/\/agenciabrasil.ebc.com.br\/economia\/noticia\/2023-07\/agencia-eleva-nota-de-credito-da-petrobras-e-de-outras-empresas\" href=\"https:\/\/agenciabrasil.ebc.com.br\/economia\/noticia\/2023-07\/agencia-eleva-nota-de-credito-da-petrobras-e-de-outras-empresas\" target=\"_blank\" rel=\"noopener\">eleva\u00e7\u00e3o da nota de cr\u00e9dito<\/a>\u00a0da estatal\u00a0concedida pela ag\u00eancia de classifica\u00e7\u00e3o de risco Fitch. &#8220;Isso mostra que a Petrobras est\u00e1 sendo percebida cada vez mais como um investimento seguro e rent\u00e1vel e que a gest\u00e3o dessa diretoria tem credibilidade&#8221;.<\/p>\n<h2><strong>Bol\u00edvia e Amazonas<\/strong><\/h2>\n<p>O presidente da Petrobras tamb\u00e9m mencionou as tratativas entre Brasil e Bol\u00edvia sobre o g\u00e1s natural. &#8220;Temos tratado isso de forma quase diplom\u00e1tica. Temos muito interesse como empresa em voltar a ser um\u00a0<em>player<\/em>\u00a0importante da Bol\u00edvia, sobretudo na produ\u00e7\u00e3o de g\u00e1s. N\u00f3s consideramos geopoliticamente importante porque \u00e9 um pa\u00eds vizinho que tem reservas de g\u00e1s. Devido a circunst\u00e2ncias internas e decis\u00f5es em rela\u00e7\u00e3o ao regime fiscal e contratual, eles tiveram uma queda nessa atratividade. Como decorr\u00eancia disso, houve uma queda tamb\u00e9m na pr\u00f3pria produ\u00e7\u00e3o e na pr\u00f3pria reposi\u00e7\u00e3o de reservas de g\u00e1s&#8221;.<\/p>\n<p>De acordo com ele, a explora\u00e7\u00e3o e produ\u00e7\u00e3o no pa\u00eds vizinho deve ser considerada. Existe tamb\u00e9m expectativa de evoluir em tratativas com a Argentina, embora nesse caso envolva quest\u00f5es estruturais mais complexas, pois n\u00e3o ainda h\u00e1 um gasoduto ligando o Brasil ao pa\u00eds vizinho.<\/p>\n<p>&#8220;Claro que para todos esses pa\u00edses do Cone Sul, o ideal \u00e9 que voc\u00ea chegue a um ponto futuro onde todo esse conjunto de reservas de g\u00e1s e de consumidores seja conectado por uma esp\u00e9cie de um anel. E a\u00ed voc\u00ea possa inverter na hora que precisar, na hora que tem inverno de um lado ou de outro. E voc\u00ea possa ter contratos um pouco mais flex\u00edveis&#8221;.<\/p>\n<p>O diretor executivo de Explora\u00e7\u00e3o e Produ\u00e7\u00e3o da Petrobras, Joelson Falc\u00e3o Mendes, disse que a empresa trabalha para obter autoriza\u00e7\u00e3o para atuar na foz do Amazonas. Em maio, o Instituto Brasileiro do Meio Ambiente e dos Recursos Naturais Renov\u00e1veis (Ibama)\u00a0<a title=\"https:\/\/agenciabrasil.ebc.com.br\/economia\/noticia\/2023-05\/ibama-nega-licenca-para-petrobras-perfurar-pocos-na-foz-do-amazonas\" href=\"https:\/\/agenciabrasil.ebc.com.br\/economia\/noticia\/2023-05\/ibama-nega-licenca-para-petrobras-perfurar-pocos-na-foz-do-amazonas\" target=\"_blank\" rel=\"noopener\">indeferiu<\/a><strong>\u00a0<\/strong>um pedido da empresa para realizar atividade de perfura\u00e7\u00e3o mar\u00edtima no chamado bloco FZA-M-59.<\/p>\n<p>&#8220;N\u00f3s entendemos que atendemos a todas as exig\u00eancias. Uma semana ap\u00f3s a negativa da licen\u00e7a, n\u00f3s demos entrada a um pedido de reconsidera\u00e7\u00e3o onde endere\u00e7amos todos os pontos colocados pelo Ibama. Teve um ponto que n\u00f3s n\u00e3o pudemos endere\u00e7ar porque se trata de uma avalia\u00e7\u00e3o ambiental de \u00e1rea sedimentar, que \u00e9 algo que deve ser feito ou n\u00e3o antes da licita\u00e7\u00e3o da \u00e1rea. Mas a licita\u00e7\u00e3o foi feita sem essa avalia\u00e7\u00e3o, o que na nossa vis\u00e3o n\u00e3o prejudica em nada porque o trabalho de licenciamento ambiental para este po\u00e7o come\u00e7ou em 2014. Ele \u00e9 bastante longo e bastante complexo. Ele n\u00e3o necessita de nenhum outro estudo adicional&#8221;.<\/p>\n<p>A Petrobras tem os direitos explorat\u00f3rios em quatro bacias na regi\u00e3o. A proje\u00e7\u00e3o \u00e9 perfurar ainda este ano o primeiro po\u00e7o no Amap\u00e1, localizado a mais de 500 quil\u00f4metros da foz. Outros dois po\u00e7os, conforme planejamento da empresa, ficam na bacia Potiguar.<\/p>\n<p><span style=\"font-weight: 400;\"><br \/>\n<\/span><span style=\"font-weight: 400;\">Fonte: Ag\u00eancia Brasil <\/span><\/p>\n","protected":false},"excerpt":{"rendered":"<p>O presidente da Petrobras, Jean Paul Prates, disse nesta sexta-feira (4) que a queda do lucro\u00a0da companhia na compara\u00e7\u00e3o entre o primeiro e o segundo trimestre deste ano n\u00e3o deve ser atribu\u00edda \u00e0 mudan\u00e7a na pol\u00edtica de pre\u00e7os. Segundo ele, o principal fator para a queda \u00e9 a varia\u00e7\u00e3o da cota\u00e7\u00e3o do barril de petr\u00f3leo [&hellip;]<\/p>\n","protected":false},"author":246,"featured_media":216878,"comment_status":"closed","ping_status":"closed","sticky":false,"template":"","format":"standard","meta":{"footnotes":""},"categories":[436,261,439],"tags":[],"class_list":["post-216877","post","type-post","status-publish","format-standard","has-post-thumbnail","hentry","category-destaque-da-semana","category-economia","category-ultima-hora"],"_links":{"self":[{"href":"https:\/\/diarioregionaldigital.com.br\/index.php?rest_route=\/wp\/v2\/posts\/216877","targetHints":{"allow":["GET"]}}],"collection":[{"href":"https:\/\/diarioregionaldigital.com.br\/index.php?rest_route=\/wp\/v2\/posts"}],"about":[{"href":"https:\/\/diarioregionaldigital.com.br\/index.php?rest_route=\/wp\/v2\/types\/post"}],"author":[{"embeddable":true,"href":"https:\/\/diarioregionaldigital.com.br\/index.php?rest_route=\/wp\/v2\/users\/246"}],"replies":[{"embeddable":true,"href":"https:\/\/diarioregionaldigital.com.br\/index.php?rest_route=%2Fwp%2Fv2%2Fcomments&post=216877"}],"version-history":[{"count":1,"href":"https:\/\/diarioregionaldigital.com.br\/index.php?rest_route=\/wp\/v2\/posts\/216877\/revisions"}],"predecessor-version":[{"id":216879,"href":"https:\/\/diarioregionaldigital.com.br\/index.php?rest_route=\/wp\/v2\/posts\/216877\/revisions\/216879"}],"wp:featuredmedia":[{"embeddable":true,"href":"https:\/\/diarioregionaldigital.com.br\/index.php?rest_route=\/wp\/v2\/media\/216878"}],"wp:attachment":[{"href":"https:\/\/diarioregionaldigital.com.br\/index.php?rest_route=%2Fwp%2Fv2%2Fmedia&parent=216877"}],"wp:term":[{"taxonomy":"category","embeddable":true,"href":"https:\/\/diarioregionaldigital.com.br\/index.php?rest_route=%2Fwp%2Fv2%2Fcategories&post=216877"},{"taxonomy":"post_tag","embeddable":true,"href":"https:\/\/diarioregionaldigital.com.br\/index.php?rest_route=%2Fwp%2Fv2%2Ftags&post=216877"}],"curies":[{"name":"wp","href":"https:\/\/api.w.org\/{rel}","templated":true}]}}