{"id":216873,"date":"2023-08-05T01:48:21","date_gmt":"2023-08-05T04:48:21","guid":{"rendered":"https:\/\/diarioregionaldigital.com.br\/?p=216873"},"modified":"2023-08-05T01:48:21","modified_gmt":"2023-08-05T04:48:21","slug":"cesta-basica-tem-queda-em-13-capitais-em-julho","status":"publish","type":"post","link":"https:\/\/diarioregionaldigital.com.br\/?p=216873","title":{"rendered":"Cesta b\u00e1sica tem queda em 13 capitais em julho"},"content":{"rendered":"<p>Em julho, o valor da cesta b\u00e1sica caiu\u00a0em 13 das 17 capitais brasileiras que participam da Pesquisa Nacional da Cesta B\u00e1sica de Alimentos, divulgada mensalmente pelo Departamento Intersindical de Estat\u00edstica e Estudos Socioecon\u00f4micos (Dieese).<img decoding=\"async\" src=\"https:\/\/agenciabrasil.ebc.com.br\/ebc.png?id=1547569&amp;o=node\" \/><img decoding=\"async\" src=\"https:\/\/agenciabrasil.ebc.com.br\/ebc.gif?id=1547569&amp;o=node\" \/><\/p>\n<p>As quedas mais importantes no custo da cesta ocorreram no Recife (-4,58%), em Campo Grande (-4,37%), em Jo\u00e3o Pessoa (-3,90%) e em Aracaju (-3,51%). A \u00fanica capital a apresentar alta foi Porto Alegre, com aumento de 0,47%. J\u00e1 em Salvador (0,03%), Bras\u00edlia (0,04%) e Fortaleza (0,05%) foi observada\u00a0relativa estabilidade.<\/p>\n<p>Porto Alegre tamb\u00e9m foi a capital onde o conjunto dos alimentos b\u00e1sicos apresentou o maior custo, com m\u00e9dia de R$ 777,16. No Norte e no Nordeste, onde a composi\u00e7\u00e3o da cesta \u00e9 diferente, os menores valores m\u00e9dios foram registrados em Aracaju (R$ 547,22), Jo\u00e3o Pessoa (R$ 581,31), no Recife (R$ 592,71) e em Salvador (R$ 596,04).<\/p>\n<p>Com base no valor da cesta mais cara, que no m\u00eas de julho foi a de Porto Alegre, o Dieese calculou qual seria o sal\u00e1rio m\u00ednimo ideal no pa\u00eds para cobrir as despesas com alimenta\u00e7\u00e3o, moradia, sa\u00fade, educa\u00e7\u00e3o, vestu\u00e1rio, higiene, transporte, lazer e previd\u00eancia. Segundo a entidade, o sal\u00e1rio m\u00ednimo deveria ter sido de R$ R$ 6.528,93 ou 4,95 vezes o valor do\u00a0m\u00ednimo atual (R$ 1.320).<\/p>\n<p><span style=\"font-weight: 400;\">Fonte: Ag\u00eancia Brasil <\/span><\/p>\n","protected":false},"excerpt":{"rendered":"<p>Em julho, o valor da cesta b\u00e1sica caiu\u00a0em 13 das 17 capitais brasileiras que participam da Pesquisa Nacional da Cesta B\u00e1sica de Alimentos, divulgada mensalmente pelo Departamento Intersindical de Estat\u00edstica e Estudos Socioecon\u00f4micos (Dieese). As quedas mais importantes no custo da cesta ocorreram no Recife (-4,58%), em Campo Grande (-4,37%), em Jo\u00e3o Pessoa (-3,90%) e [&hellip;]<\/p>\n","protected":false},"author":246,"featured_media":216874,"comment_status":"closed","ping_status":"closed","sticky":false,"template":"","format":"standard","meta":{"footnotes":""},"categories":[436,261,439],"tags":[],"class_list":["post-216873","post","type-post","status-publish","format-standard","has-post-thumbnail","hentry","category-destaque-da-semana","category-economia","category-ultima-hora"],"_links":{"self":[{"href":"https:\/\/diarioregionaldigital.com.br\/index.php?rest_route=\/wp\/v2\/posts\/216873","targetHints":{"allow":["GET"]}}],"collection":[{"href":"https:\/\/diarioregionaldigital.com.br\/index.php?rest_route=\/wp\/v2\/posts"}],"about":[{"href":"https:\/\/diarioregionaldigital.com.br\/index.php?rest_route=\/wp\/v2\/types\/post"}],"author":[{"embeddable":true,"href":"https:\/\/diarioregionaldigital.com.br\/index.php?rest_route=\/wp\/v2\/users\/246"}],"replies":[{"embeddable":true,"href":"https:\/\/diarioregionaldigital.com.br\/index.php?rest_route=%2Fwp%2Fv2%2Fcomments&post=216873"}],"version-history":[{"count":2,"href":"https:\/\/diarioregionaldigital.com.br\/index.php?rest_route=\/wp\/v2\/posts\/216873\/revisions"}],"predecessor-version":[{"id":216876,"href":"https:\/\/diarioregionaldigital.com.br\/index.php?rest_route=\/wp\/v2\/posts\/216873\/revisions\/216876"}],"wp:featuredmedia":[{"embeddable":true,"href":"https:\/\/diarioregionaldigital.com.br\/index.php?rest_route=\/wp\/v2\/media\/216874"}],"wp:attachment":[{"href":"https:\/\/diarioregionaldigital.com.br\/index.php?rest_route=%2Fwp%2Fv2%2Fmedia&parent=216873"}],"wp:term":[{"taxonomy":"category","embeddable":true,"href":"https:\/\/diarioregionaldigital.com.br\/index.php?rest_route=%2Fwp%2Fv2%2Fcategories&post=216873"},{"taxonomy":"post_tag","embeddable":true,"href":"https:\/\/diarioregionaldigital.com.br\/index.php?rest_route=%2Fwp%2Fv2%2Ftags&post=216873"}],"curies":[{"name":"wp","href":"https:\/\/api.w.org\/{rel}","templated":true}]}}