{"id":216870,"date":"2023-08-05T01:46:29","date_gmt":"2023-08-05T04:46:29","guid":{"rendered":"https:\/\/diarioregionaldigital.com.br\/?p=216870"},"modified":"2023-08-05T01:46:29","modified_gmt":"2023-08-05T04:46:29","slug":"alckmin-percentual-de-alcool-na-gasolina-pode-aumentar-para-30","status":"publish","type":"post","link":"https:\/\/diarioregionaldigital.com.br\/?p=216870","title":{"rendered":"Alckmin: percentual de \u00e1lcool na gasolina pode aumentar para 30%"},"content":{"rendered":"<p>O vice-presidente e ministro do Desenvolvimento, Ind\u00fastria, Com\u00e9rcio e Servi\u00e7os, Geraldo Alckmin, disse hoje (4) que o governo considera aumentar o percentual de \u00e1lcool na mistura com gasolina vendida nos postos, de 27% para 30%.\u00a0<img decoding=\"async\" src=\"https:\/\/agenciabrasil.ebc.com.br\/ebc.png?id=1547559&amp;o=node\" \/><img decoding=\"async\" src=\"https:\/\/agenciabrasil.ebc.com.br\/ebc.gif?id=1547559&amp;o=node\" \/><\/p>\n<p>\u201cA ideia \u00e9 passar para 30%. Vamos ter a gasolina mais limpa do mundo, al\u00e9m do carro flex, com etanol e gasolina\u201d, disse Alckmin durante agenda em Passo Fundo (RS), onde participou do an\u00fancio de constru\u00e7\u00e3o de uma nova usina de etanol.\u00a0\u201cH\u00e1 um estudo\u201d, acrescentou ele\u00a0pouco depois.<\/p>\n<p>O aumento de combust\u00edveis chamados limpos, de origem vegetal, j\u00e1 \u00e9 promovida em\u00a0combust\u00edveis f\u00f3sseis como o\u00a0<a href=\"https:\/\/agenciabrasil.ebc.com.br\/economia\/noticia\/2023-03\/mistura-de-biodiesel-ao-diesel-passa-ser-de-12-partir-de-abril\" target=\"_blank\" rel=\"noopener\">diesel<\/a>, cuja mistura de biodiesel subiu para 12% em mar\u00e7o. A previs\u00e3o do Conselho Nacional de Pol\u00edtica Energ\u00e9tica, respons\u00e1vel por aprovar o aumento, esse percentual dever\u00e1 chegar a 15% at\u00e9 2026.<\/p>\n<p>De acordo com a empresa Be8, que anunciou a constru\u00e7\u00e3o da primeira usina de etanol no Rio Grande do Sul, o investimento ser\u00e1 de R$ 556 milh\u00f5es e a unidade dever\u00e1 estar pronta no segundo semestre de 2025. Devem ser produzidos tamb\u00e9m farelos a partir do processamento de cereais como milho, e trigo.<\/p>\n<p>Ao falar com jornalistas, Alckmin tamb\u00e9m anunciou o financiamento de at\u00e9 R$ 20 bilh\u00f5es, pelos pr\u00f3ximos quatro anos, para investimentos em pesquisa e inova\u00e7\u00e3o de biocombust\u00edveis. O Banco Nacional de Desenvolvimento Econ\u00f4mico e Social (BNDES) \u00e9 a principal institui\u00e7\u00e3o financiadora.<\/p>\n<p>O vice-presidente disse ainda que o Brasil tem a oportunidade de se tornar l\u00edder na produ\u00e7\u00e3o de combust\u00edveis para avia\u00e7\u00e3o, numa corrida com pa\u00edses como os Estados Unidos para suprir uma transforma\u00e7\u00e3o energ\u00e9tica do setor.<\/p>\n<p>Ao lado de Alckmin, o governador do Rio Grande do Sul, Eduardo Leite, disse que o estado mapeou outras seis localidades onde pretende que sejam constru\u00eddas novas usinas de etanol. Hoje a produ\u00e7\u00e3o estadual de etanol \u00e9 quase inexistente, e o governo pretende chegar a 24% com o investimento nas usinas.<\/p>\n<p><span style=\"font-weight: 400;\"><br \/>\n<\/span><span style=\"font-weight: 400;\">Fonte: Ag\u00eancia Brasil\u00a0<\/span><span style=\"font-weight: 400;\"><br \/>\n<\/span><\/p>\n","protected":false},"excerpt":{"rendered":"<p>O vice-presidente e ministro do Desenvolvimento, Ind\u00fastria, Com\u00e9rcio e Servi\u00e7os, Geraldo Alckmin, disse hoje (4) que o governo considera aumentar o percentual de \u00e1lcool na mistura com gasolina vendida nos postos, de 27% para 30%.\u00a0 \u201cA ideia \u00e9 passar para 30%. Vamos ter a gasolina mais limpa do mundo, al\u00e9m do carro flex, com etanol [&hellip;]<\/p>\n","protected":false},"author":246,"featured_media":216871,"comment_status":"closed","ping_status":"closed","sticky":false,"template":"","format":"standard","meta":{"footnotes":""},"categories":[436,261,439],"tags":[],"class_list":["post-216870","post","type-post","status-publish","format-standard","has-post-thumbnail","hentry","category-destaque-da-semana","category-economia","category-ultima-hora"],"_links":{"self":[{"href":"https:\/\/diarioregionaldigital.com.br\/index.php?rest_route=\/wp\/v2\/posts\/216870","targetHints":{"allow":["GET"]}}],"collection":[{"href":"https:\/\/diarioregionaldigital.com.br\/index.php?rest_route=\/wp\/v2\/posts"}],"about":[{"href":"https:\/\/diarioregionaldigital.com.br\/index.php?rest_route=\/wp\/v2\/types\/post"}],"author":[{"embeddable":true,"href":"https:\/\/diarioregionaldigital.com.br\/index.php?rest_route=\/wp\/v2\/users\/246"}],"replies":[{"embeddable":true,"href":"https:\/\/diarioregionaldigital.com.br\/index.php?rest_route=%2Fwp%2Fv2%2Fcomments&post=216870"}],"version-history":[{"count":1,"href":"https:\/\/diarioregionaldigital.com.br\/index.php?rest_route=\/wp\/v2\/posts\/216870\/revisions"}],"predecessor-version":[{"id":216872,"href":"https:\/\/diarioregionaldigital.com.br\/index.php?rest_route=\/wp\/v2\/posts\/216870\/revisions\/216872"}],"wp:featuredmedia":[{"embeddable":true,"href":"https:\/\/diarioregionaldigital.com.br\/index.php?rest_route=\/wp\/v2\/media\/216871"}],"wp:attachment":[{"href":"https:\/\/diarioregionaldigital.com.br\/index.php?rest_route=%2Fwp%2Fv2%2Fmedia&parent=216870"}],"wp:term":[{"taxonomy":"category","embeddable":true,"href":"https:\/\/diarioregionaldigital.com.br\/index.php?rest_route=%2Fwp%2Fv2%2Fcategories&post=216870"},{"taxonomy":"post_tag","embeddable":true,"href":"https:\/\/diarioregionaldigital.com.br\/index.php?rest_route=%2Fwp%2Fv2%2Ftags&post=216870"}],"curies":[{"name":"wp","href":"https:\/\/api.w.org\/{rel}","templated":true}]}}