{"id":216866,"date":"2023-08-04T06:20:27","date_gmt":"2023-08-04T09:20:27","guid":{"rendered":"https:\/\/diarioregionaldigital.com.br\/?p=216866"},"modified":"2023-08-04T06:20:27","modified_gmt":"2023-08-04T09:20:27","slug":"convocacao-age-04-08-2023","status":"publish","type":"post","link":"https:\/\/diarioregionaldigital.com.br\/?p=216866","title":{"rendered":"Convoca\u00e7\u00e3o AGE &#8211; 04\/08\/2023"},"content":{"rendered":"<p style=\"text-align: center;\"><strong>EDITAL DE CONVOCA\u00c7\u00c3O<\/strong><\/p>\n<p style=\"text-align: center;\"><strong>ASSEMBL\u00c9IA GERAL<\/strong><\/p>\n<p><strong>O Sindicato dos Trabalhadores nas Ind\u00fastrias Metal\u00fargicas, Mec\u00e2nicas, Material El\u00e9trico, Siderurgia e Fundi\u00e7\u00e3o, Montadora de ve\u00edculos, Auto Pe\u00e7as, Repara\u00e7\u00e3o de Ve\u00edculos e Acess\u00f3rios de Juiz de Fora, Matias Barbosa, Rio Novo, Rio Pomba, Santos Dumont, S\u00e3o Jo\u00e3o Nepomuceno, Bicas e Ewbanck da C\u00e2mara \u2013 MG<\/strong>, convocam todos os trabalhadores de sua base territorial, associados ou n\u00e3o ao sindicato, para Assembl\u00e9ia Geral extraordin\u00e1ria da CAMPANHA SALARIAL 2023\/2024 que ser\u00e1 realizada nos dias 09 e 10 de agosto de 2023, iniciando no dia 09\/08, na Portaria da sider\u00fargica ArcelorMittal, BR-040, Bairro Dias Tav\u00e1res, Km 769, Juiz de Fora &#8211; MG, 36105-000, nos hor\u00e1rios de troca de turno, \u00e0s 06:00, as 14:00 e 22:00; no dia 10\/08, na portaria da empresa \u00e0s 09:00 e \u00e0s 14:00, e na sede do Sindicato, situada a rua Floriano Peixoto, n.\u00ba 72 \u2013 Centro \u2013 Juiz de Fora\/MG, \u00e0s 18:00 horas, em primeira convoca\u00e7\u00e3o, e, \u00e0s 18:30 horas, em segunda convoca\u00e7\u00e3o, conforme Estatuto Social Vigente, para discutir e deliberar sobre a seguinte ordem do dia:<\/p>\n<p>1- Discuss\u00e3o e Aprova\u00e7\u00e3o da Pauta de Reivindica\u00e7\u00f5es referente a Data Base de 2023, a ser apresentada ao Sindicato da Categoria Econ\u00f4mica correspondente;<\/p>\n<p>2- Autoriza\u00e7\u00e3o para Diretoria Executiva celebrar Conven\u00e7\u00e3o Coletiva de Trabalho, e, frustrada a negocia\u00e7\u00e3o, eleger \u00e1rbitro e\/ou suscitar Diss\u00eddio Coletivo perante o Poder Judici\u00e1rio;<\/p>\n<p>3- Delibera\u00e7\u00e3o sobre Greve, inclusive, o pagamento dos dias parados;<\/p>\n<p>4- Delibera\u00e7\u00e3o sobre o percentual da contribui\u00e7\u00e3o assistencial\/taxa de custeio da negocia\u00e7\u00e3o coletiva a ser fixada pela Assembleia e descontada de todos os membros da categoria que n\u00e3o se oponham ao referido desconto, autorizando-o;<\/p>\n<p>5- Delibera\u00e7\u00f5es sobre a instala\u00e7\u00e3o em car\u00e1ter permanente da presente Assembleia;<\/p>\n<p>6- Delibera\u00e7\u00f5es Consequentes.<\/p>\n<p style=\"text-align: center;\"><strong>Juiz de Fora, 03 de agosto de 2023.<\/strong><\/p>\n<p style=\"text-align: center;\"><strong>JO\u00c3O CESAR DA SILVA<\/strong><\/p>\n<p style=\"text-align: center;\"><strong>PRESIDENTE DO STIM-JF E REGI\u00c3O<\/strong><\/p>\n","protected":false},"excerpt":{"rendered":"<p>EDITAL DE CONVOCA\u00c7\u00c3O ASSEMBL\u00c9IA GERAL O Sindicato dos Trabalhadores nas Ind\u00fastrias Metal\u00fargicas, Mec\u00e2nicas, Material El\u00e9trico, Siderurgia e Fundi\u00e7\u00e3o, Montadora de ve\u00edculos, Auto Pe\u00e7as, Repara\u00e7\u00e3o de Ve\u00edculos e Acess\u00f3rios de Juiz de Fora, Matias Barbosa, Rio Novo, Rio Pomba, Santos Dumont, S\u00e3o Jo\u00e3o Nepomuceno, Bicas e Ewbanck da C\u00e2mara \u2013 MG, convocam todos os trabalhadores de [&hellip;]<\/p>\n","protected":false},"author":96,"featured_media":0,"comment_status":"closed","ping_status":"closed","sticky":false,"template":"","format":"standard","meta":{"footnotes":""},"categories":[307],"tags":[],"class_list":["post-216866","post","type-post","status-publish","format-standard","hentry","category-editais"],"_links":{"self":[{"href":"https:\/\/diarioregionaldigital.com.br\/index.php?rest_route=\/wp\/v2\/posts\/216866","targetHints":{"allow":["GET"]}}],"collection":[{"href":"https:\/\/diarioregionaldigital.com.br\/index.php?rest_route=\/wp\/v2\/posts"}],"about":[{"href":"https:\/\/diarioregionaldigital.com.br\/index.php?rest_route=\/wp\/v2\/types\/post"}],"author":[{"embeddable":true,"href":"https:\/\/diarioregionaldigital.com.br\/index.php?rest_route=\/wp\/v2\/users\/96"}],"replies":[{"embeddable":true,"href":"https:\/\/diarioregionaldigital.com.br\/index.php?rest_route=%2Fwp%2Fv2%2Fcomments&post=216866"}],"version-history":[{"count":1,"href":"https:\/\/diarioregionaldigital.com.br\/index.php?rest_route=\/wp\/v2\/posts\/216866\/revisions"}],"predecessor-version":[{"id":216867,"href":"https:\/\/diarioregionaldigital.com.br\/index.php?rest_route=\/wp\/v2\/posts\/216866\/revisions\/216867"}],"wp:attachment":[{"href":"https:\/\/diarioregionaldigital.com.br\/index.php?rest_route=%2Fwp%2Fv2%2Fmedia&parent=216866"}],"wp:term":[{"taxonomy":"category","embeddable":true,"href":"https:\/\/diarioregionaldigital.com.br\/index.php?rest_route=%2Fwp%2Fv2%2Fcategories&post=216866"},{"taxonomy":"post_tag","embeddable":true,"href":"https:\/\/diarioregionaldigital.com.br\/index.php?rest_route=%2Fwp%2Fv2%2Ftags&post=216866"}],"curies":[{"name":"wp","href":"https:\/\/api.w.org\/{rel}","templated":true}]}}