{"id":216856,"date":"2023-08-04T01:13:38","date_gmt":"2023-08-04T04:13:38","guid":{"rendered":"https:\/\/diarioregionaldigital.com.br\/?p=216856"},"modified":"2023-08-04T01:13:38","modified_gmt":"2023-08-04T04:13:38","slug":"pjf-promove-desfile-de-abertura-da-copa-prefeitura-de-futsal-no-sabado-5","status":"publish","type":"post","link":"https:\/\/diarioregionaldigital.com.br\/?p=216856","title":{"rendered":"PJF promove desfile de abertura da Copa Prefeitura de Futsal no s\u00e1bado, 5"},"content":{"rendered":"<p>Segundo informa\u00e7\u00f5es do site da Prefeitura de Juiz de Fora (PJF), a PJF realizar\u00e1 neste s\u00e1bado, 5, o desfile de abertura da Copa Prefeitura de Futsal, a partir das 14h, no Gin\u00e1sio Municipal. O desfile ser\u00e1 composto por 27 equipes representadas, distribu\u00eddas em 2 categorias. O desfile \u00e9 aberto ao p\u00fablico e a entrada \u00e9 gratuita.<\/p>\n<p>A copa \u00e9 realizada pela Secretaria de Esporte e Lazer (SEL) h\u00e1 mais de 30 anos. A competi\u00e7\u00e3o \u00e9 disputada nas categorias sub-9, sub-11, sub-13, sub-15, sub-17, sub-20, adulto, as categorias sub-15, sub-17 e adulta fem. A competi\u00e7\u00e3o tamb\u00e9m tem car\u00e1ter regional e re\u00fane outros munic\u00edpios, entre eles, Bicas, Ch\u00e1cara, Coronel Pacheco, Goian\u00e1, Lima Duarte, Matias Barbosa, Rio Novo, Santos Dumont e S\u00e3o Jo\u00e3o Nepomuceno.<\/p>\n<p>A Copa Prefeitura de Futsal tem como objetivo integrar, atrav\u00e9s da pr\u00e1tica desportiva, representantes das diversas camadas sociais do munic\u00edpio; oportunizar a mobiliza\u00e7\u00e3o e organiza\u00e7\u00e3o comunit\u00e1ria, atrav\u00e9s da pr\u00e1tica desportiva; incrementar a pr\u00e1tica do futsal, estimulando e valorizando as equipes locais e regionais, fortalecendo a Liga Juizforana de Futebol de Sal\u00e3o, com grande participa\u00e7\u00e3o dos clubes; criar oportunidades para o surgimento de atletas de futsal, que possam representar Juiz de Fora em competi\u00e7\u00f5es na modalidade, em n\u00edveis regional, estadual e nacional e oferecer momentos de lazer e integra\u00e7\u00e3o social.<\/p>\n<p>As partidas s\u00e3o realizadas entre agosto e outubro, no Gin\u00e1sio Municipal e nos gin\u00e1sios cedidos \u00e0 SEL.<\/p>\n<p><strong>O 1\u00ba boletim da copa pode ser conferido em anexo.<\/strong><\/p>\n<p>Outras informa\u00e7\u00f5es: 3690-7845<\/p>\n<p>&nbsp;<\/p>\n<div class=\"texto_anexo\"><img loading=\"lazy\" decoding=\"async\" src=\"https:\/\/www.pjf.mg.gov.br\/imagens\/clips.jpg\" width=\"22\" height=\"20\" \/>\u00a0<a href=\"https:\/\/www.pjf.mg.gov.br\/noticias\/anexo\/BoletimFutsal01-2023.pdf\" target=\"_blank\" rel=\"noopener\">Veja o anexo<\/a><\/div>\n<p>&nbsp;<\/p>\n<div id=\"box_compartilhar\" align=\"right\"><\/div>\n","protected":false},"excerpt":{"rendered":"<p>Segundo informa\u00e7\u00f5es do site da Prefeitura de Juiz de Fora (PJF), a PJF realizar\u00e1 neste s\u00e1bado, 5, o desfile de abertura da Copa Prefeitura de Futsal, a partir das 14h, no Gin\u00e1sio Municipal. O desfile ser\u00e1 composto por 27 equipes representadas, distribu\u00eddas em 2 categorias. O desfile \u00e9 aberto ao p\u00fablico e a entrada \u00e9 [&hellip;]<\/p>\n","protected":false},"author":246,"featured_media":216857,"comment_status":"closed","ping_status":"closed","sticky":false,"template":"","format":"standard","meta":{"footnotes":""},"categories":[253,436,439],"tags":[],"class_list":["post-216856","post","type-post","status-publish","format-standard","has-post-thumbnail","hentry","category-cidade","category-destaque-da-semana","category-ultima-hora"],"_links":{"self":[{"href":"https:\/\/diarioregionaldigital.com.br\/index.php?rest_route=\/wp\/v2\/posts\/216856","targetHints":{"allow":["GET"]}}],"collection":[{"href":"https:\/\/diarioregionaldigital.com.br\/index.php?rest_route=\/wp\/v2\/posts"}],"about":[{"href":"https:\/\/diarioregionaldigital.com.br\/index.php?rest_route=\/wp\/v2\/types\/post"}],"author":[{"embeddable":true,"href":"https:\/\/diarioregionaldigital.com.br\/index.php?rest_route=\/wp\/v2\/users\/246"}],"replies":[{"embeddable":true,"href":"https:\/\/diarioregionaldigital.com.br\/index.php?rest_route=%2Fwp%2Fv2%2Fcomments&post=216856"}],"version-history":[{"count":1,"href":"https:\/\/diarioregionaldigital.com.br\/index.php?rest_route=\/wp\/v2\/posts\/216856\/revisions"}],"predecessor-version":[{"id":216858,"href":"https:\/\/diarioregionaldigital.com.br\/index.php?rest_route=\/wp\/v2\/posts\/216856\/revisions\/216858"}],"wp:featuredmedia":[{"embeddable":true,"href":"https:\/\/diarioregionaldigital.com.br\/index.php?rest_route=\/wp\/v2\/media\/216857"}],"wp:attachment":[{"href":"https:\/\/diarioregionaldigital.com.br\/index.php?rest_route=%2Fwp%2Fv2%2Fmedia&parent=216856"}],"wp:term":[{"taxonomy":"category","embeddable":true,"href":"https:\/\/diarioregionaldigital.com.br\/index.php?rest_route=%2Fwp%2Fv2%2Fcategories&post=216856"},{"taxonomy":"post_tag","embeddable":true,"href":"https:\/\/diarioregionaldigital.com.br\/index.php?rest_route=%2Fwp%2Fv2%2Ftags&post=216856"}],"curies":[{"name":"wp","href":"https:\/\/api.w.org\/{rel}","templated":true}]}}