{"id":216847,"date":"2023-08-04T01:07:58","date_gmt":"2023-08-04T04:07:58","guid":{"rendered":"https:\/\/diarioregionaldigital.com.br\/?p=216847"},"modified":"2023-08-04T01:07:58","modified_gmt":"2023-08-04T04:07:58","slug":"pjf-distribui-absorventes-para-entidades-que-atuam-com-mulheres-em-vulnerabilidade","status":"publish","type":"post","link":"https:\/\/diarioregionaldigital.com.br\/?p=216847","title":{"rendered":"PJF distribui absorventes para entidades que atuam com mulheres em vulnerabilidade"},"content":{"rendered":"<p>Segundo informa\u00e7\u00f5es do site da Prefeitura de Juiz de Fora (PJF), cerca de 6.700 absorventes foram entregues para 40 institui\u00e7\u00f5es que comp\u00f5em o\u00a0<a href=\"https:\/\/www.pjf.mg.gov.br\/noticias\/view.php?modo=link2&amp;idnoticia2=69810\"><strong>Mesa da Cidadania<\/strong><\/a>. Os itens de higiene pessoal foram adquiridos pela Prefeitura de Juiz de Fora (PJF) por meio da Secretaria Especial de Direitos Humanos (SEDH), atrav\u00e9s de emenda parlamentar da vereadora Laiz Perrut. Os itens ser\u00e3o distribu\u00eddos para adolescentes e mulheres em situa\u00e7\u00e3o de vulnerabilidade, a fim de erradicar a pobreza menstrual e conferir dignidade.<br \/>\nA distribui\u00e7\u00e3o dos itens ocorreu na tarde desta quinta-feira, 4, na Casa da Mulher Maria da Concei\u00e7\u00e3o Lammoglia Jabour. O encontro tamb\u00e9m serviu para que os trabalhos desenvolvidos pelo centro de refer\u00eancia municipal, voltado para o atendimento humanizado e acolhimento de mulheres em situa\u00e7\u00e3o de viol\u00eancia dom\u00e9stica, fossem apresentados para os representantes das entidades a fim de estreitar a rela\u00e7\u00e3o com as comunidades.<br \/>\nA coordenadora da Casa da Mulher, Maria Cristiane Ribeiro, ressaltou a import\u00e2ncia do espa\u00e7o e o trabalho para que os servi\u00e7os sejam do conhecimento das mulheres nos diferentes territ\u00f3rios de Juiz de Fora. \u201cOferecemos encaminhamentos, orienta\u00e7\u00f5es, atendimento psicol\u00f3gico e jur\u00eddico no intuito de fortalecer e oferecer autonomia \u00e0s mulheres v\u00edtimas dos diferentes tipos de viol\u00eancia\u201d.<br \/>\nA coordenadora de pol\u00edticas para as mulheres da SEDH, Samara Miranda, tamb\u00e9m enfatizou que o equipamento p\u00fablico deve ser aberto para toda a comunidade, inclusive lembrou da necessidade do engajamento do p\u00fablico masculino.<br \/>\nSobre a doa\u00e7\u00e3o dos absorventes, a vereadora Laiz Perrut esclareceu que a iniciativa \u00e9 fruto de um projeto de lei das quatro representantes do Legislativo, onde permite \u00e0 administra\u00e7\u00e3o municipal atuar na dignidade menstrual de meninas e mulheres. \u201cPrecisamos pensar na sa\u00fade integral da mulher, percebemos que as meninas perdiam muitas atividades, deixavam de ir \u00e0 escola porque n\u00e3o tinham o produto em casa. Muitas pessoas n\u00e3o t\u00eam condi\u00e7\u00f5es de adquirir o item b\u00e1sico. O absorvente \u00e9 um item de necessidade priorit\u00e1ria e deve ser fomentado tamb\u00e9m pelo Poder P\u00fablico\u201d.<br \/>\nAlessandra Cristina de Castro, volunt\u00e1ria da Obra do Apostolado de Santa Edwiges, comemorou a iniciativa. \u201cNossa associa\u00e7\u00e3o atende crian\u00e7as, adolescentes e fam\u00edlias em situa\u00e7\u00e3o de vulnerabilidade e esses absorventes ser\u00e3o muito \u00fateis, uma vez que v\u00e3o garantir a dignidade dessas mulheres que muitas vezes n\u00e3o t\u00eam acesso ao m\u00ednimo que \u00e9 a higiene pessoal\u201d.<br \/>\n<strong>Casa da Mulher\u00a0<\/strong><br \/>\nA Casa da Mulher fica\u00a0 na Avenida Garibaldi Campinhos 169, bairro Vitorino Braga. O atendimento \u00e9 de segunda \u00e0 sexta-feira, de 8h \u00e0s 17h, e s\u00e1bado das 8h \u00e0s 12h. O telefone de contato \u00e9 3690-7292.<\/p>\n","protected":false},"excerpt":{"rendered":"<p>Segundo informa\u00e7\u00f5es do site da Prefeitura de Juiz de Fora (PJF), cerca de 6.700 absorventes foram entregues para 40 institui\u00e7\u00f5es que comp\u00f5em o\u00a0Mesa da Cidadania. Os itens de higiene pessoal foram adquiridos pela Prefeitura de Juiz de Fora (PJF) por meio da Secretaria Especial de Direitos Humanos (SEDH), atrav\u00e9s de emenda parlamentar da vereadora Laiz [&hellip;]<\/p>\n","protected":false},"author":246,"featured_media":216848,"comment_status":"closed","ping_status":"closed","sticky":false,"template":"","format":"standard","meta":{"footnotes":""},"categories":[253,436,440,439],"tags":[],"class_list":["post-216847","post","type-post","status-publish","format-standard","has-post-thumbnail","hentry","category-cidade","category-destaque-da-semana","category-destaques-do-dia","category-ultima-hora"],"_links":{"self":[{"href":"https:\/\/diarioregionaldigital.com.br\/index.php?rest_route=\/wp\/v2\/posts\/216847","targetHints":{"allow":["GET"]}}],"collection":[{"href":"https:\/\/diarioregionaldigital.com.br\/index.php?rest_route=\/wp\/v2\/posts"}],"about":[{"href":"https:\/\/diarioregionaldigital.com.br\/index.php?rest_route=\/wp\/v2\/types\/post"}],"author":[{"embeddable":true,"href":"https:\/\/diarioregionaldigital.com.br\/index.php?rest_route=\/wp\/v2\/users\/246"}],"replies":[{"embeddable":true,"href":"https:\/\/diarioregionaldigital.com.br\/index.php?rest_route=%2Fwp%2Fv2%2Fcomments&post=216847"}],"version-history":[{"count":1,"href":"https:\/\/diarioregionaldigital.com.br\/index.php?rest_route=\/wp\/v2\/posts\/216847\/revisions"}],"predecessor-version":[{"id":216849,"href":"https:\/\/diarioregionaldigital.com.br\/index.php?rest_route=\/wp\/v2\/posts\/216847\/revisions\/216849"}],"wp:featuredmedia":[{"embeddable":true,"href":"https:\/\/diarioregionaldigital.com.br\/index.php?rest_route=\/wp\/v2\/media\/216848"}],"wp:attachment":[{"href":"https:\/\/diarioregionaldigital.com.br\/index.php?rest_route=%2Fwp%2Fv2%2Fmedia&parent=216847"}],"wp:term":[{"taxonomy":"category","embeddable":true,"href":"https:\/\/diarioregionaldigital.com.br\/index.php?rest_route=%2Fwp%2Fv2%2Fcategories&post=216847"},{"taxonomy":"post_tag","embeddable":true,"href":"https:\/\/diarioregionaldigital.com.br\/index.php?rest_route=%2Fwp%2Fv2%2Ftags&post=216847"}],"curies":[{"name":"wp","href":"https:\/\/api.w.org\/{rel}","templated":true}]}}