{"id":216844,"date":"2023-08-04T01:04:10","date_gmt":"2023-08-04T04:04:10","guid":{"rendered":"https:\/\/diarioregionaldigital.com.br\/?p=216844"},"modified":"2023-08-04T01:04:10","modified_gmt":"2023-08-04T04:04:10","slug":"natacao-paralimpica-brasil-garante-6-podios-no-mundial-4-com-ouro","status":"publish","type":"post","link":"https:\/\/diarioregionaldigital.com.br\/?p=216844","title":{"rendered":"Nata\u00e7\u00e3o paral\u00edmpica: Brasil garante 6 p\u00f3dios no Mundial, 4 com ouro"},"content":{"rendered":"<p>O Brasil alcan\u00e7ou hoje (2) a\u00a0<strong><a href=\"https:\/\/twitter.com\/cpboficial\/status\/1686856213907013633\">quarta posi\u00e7\u00e3o no quadro de medalhas\u00a0<\/a><\/strong>do Mundial de nata\u00e7\u00e3o paral\u00edmpica em Manchester (Inglaterra), ao subir seis vezes ao p\u00f3dio, quatro delas com medalhas de ouro.\u00a0Foi o caso do mineiro Gabriel Ara\u00fajo, o Gabrielzinho, que conquistou nesta quarta (2) o bicampeonato na prova dos 100 metros costas, classe S2 (limita\u00e7\u00e3o f\u00edsico-motora) e ainda estabeleceu novo recorde das Am\u00e9ricas &#8211; em vigor desde desde 2018 &#8211;\u00a0e da competi\u00e7\u00e3o ao completar a prova em 1min55s34. Gabrielzinho deixou para tr\u00e1s o chileno Alberto Abarza (2min06s42), que detinha a melhor marca do continente na prova, e pelo polon\u00eas Jacek Czech (2min07s04).\u00a0<img decoding=\"async\" src=\"https:\/\/agenciabrasil.ebc.com.br\/ebc.png?id=1547148&amp;o=node\" \/><img decoding=\"async\" src=\"https:\/\/agenciabrasil.ebc.com.br\/ebc.gif?id=1547148&amp;o=node\" \/><\/p>\n<p>\u201c\u00c9 a prova mais dif\u00edcil para mim. Mas a cada treino e competi\u00e7\u00e3o, eu tenho aprendido mais. Era o \u00fanico recorde das Am\u00e9ricas que n\u00e3o era meu e cheguei com o objetivo de bat\u00ea-lo. Agora, podem pesquisar recordes das Am\u00e9ricas e todos, entre as provas que disputo, estar\u00e3o com meu nome, Gabriel Ara\u00fajo\u201d, disse o nadador, de 21 anos, que faturou o primeiro ouro na prova na edi\u00e7\u00e3o do ano passado, na Ilha da Madeira (Portugal).<\/p>\n<p>A pernambucana Carol Santiago faturou hoje (2), dia em que completa 38 anos,\u00a0 seu terceiro ouro no Mundial na prova dos 50m livre classe S12 (baixa vis\u00e3o), tamb\u00e9m com direito a quebra de recorde. Ela venceu como tempo de 26s71, superando a ucraniana Anna Stetsenko (28s01), medalha de prata, e a italiana Alessia Berra (28s38), que ficou com o bronze. Nesta edi\u00e7\u00e3o do Mundial, Carol j\u00e1 arrematou ouro em duas provas: nos 100m costas e borboleta.<\/p>\n<p>Outro expoente, o paulista Samuel de Oliveira, de 17 anos, assegurou o topo do p\u00f3dio com vit\u00f3ria nos 50m borboleta, classe S5 (comprometimento f\u00edsico-motor), sua prova favorita,\u00a0 em 31s21, o novo recorde da competi\u00e7\u00e3o e das Am\u00e9ricas.\u00a0Ca\u00e7ula da delega\u00e7\u00e3o brasileira no Mundial, Samuca superou os chineses Jincheng Guo, prata (31s53), e Weiyi Yuan, bronze (31s58).\u00a0Foi a segunda medalha do paulista nesta edi\u00e7\u00e3o: na segunda-feira (31), ele j\u00e1 conquistara o bronze nos 50m livre.<\/p>\n<p>\u201c\u00c9 uma sensa\u00e7\u00e3o \u00fanica. Estou muito feliz. O esfor\u00e7o tem valido a pena. \u00c9 uma prova muito dif\u00edcil, porque qualquer erro pode tirar a medalha. Confesso que n\u00e3o fiz um tempo que imaginava. Foi melhor do que estava planejando. Consegui, tamb\u00e9m, gra\u00e7as ao acompanhamento psicol\u00f3gico que tenho feito\u201d,\u00a0revelou o atleta.<\/p>\n<p>A quarta (2) ainda teve dobradinha de ouro e prata, respectivamente, das g\u00eameas paranaenses D\u00e9bora e Beatriz Carneiro nos 100m borboleta da classe S14 (defici\u00eancia intelectual). D\u00e9bora quebrou o recorde das Am\u00e9ricas duas vezes: primeiros na eliminat\u00f3rias, e depois na final com o tempo de 1min15s10. A irm\u00e3 Beatriz (1min15s72) chegou em segundo e a australiana Paige Leonhardt (1min16s50) em terceiro.<\/p>\n<p>\u201cEu chorei muito e vou continuar chorando. Vou chegar a Maring\u00e1 [cidade natal] chorando. Foi uma alegria imensa. Esse foi meu primeiro ouro em Mundial. Tive que focar e prestar aten\u00e7\u00e3o para fazer o melhor tempo da minha vida\u201d, comemorou D\u00e9bora. \u201c\u00c9 uma emo\u00e7\u00e3o dividir o p\u00f3dio com a minha irm\u00e3. N\u00f3s mentalizamos esse tempo de 1min15, escrevemos em nossos cadernos e conseguimos\u201d, completou Beatriz.<\/p>\n<p>A mineira Patr\u00edcia Santos faturou o bronze, sua primeira medalha no Mundial, nos150m medley SM4 (limita\u00e7\u00e3o f\u00edsico-motora). Ela concluiu a prova em 3min06s30, atr\u00e1s da sul-africana Kat Swanepoel (2min51s41) que ficou com o ouro, e da\u00a0alem\u00e3 Gina Boettcher (3min01s70), medalha de prata.<\/p>\n<p>Nunca vai ser f\u00e1cil conquistar uma medalha. O caminho \u00e9 esse. Estou trabalhando para controlar melhor minha mente durante as provas. Um pequeno descuido pode colocar tudo a perder\u201d, sintetizou a atleta, que foi baleada no pesco\u00e7o durante um assalto a uma casa lot\u00e9rica onde trabalhava como caixa e ficou tetrapl\u00e9gica.<\/p>\n<p>O Mundial de nata\u00e7\u00e3o paral\u00edmpica\u00a0vai at\u00e9 o pr\u00f3ximo domingo (6 de agosto), com\u00a0<a href=\"https:\/\/www.youtube.com\/channel\/UCi8n36NkW2uCQSFZNiYtuMQ\"><strong>transmiss\u00e3o ao vivo\u00a0<\/strong><\/a>na conta do Comit\u00ea Ol\u00edmpico Internacional (Paralympic Games) no YouTube. As provas no Mundial ocorrem em dois per\u00edodos: as eliminat\u00f3rias s\u00e3o disputadas de madrugada (no hor\u00e1rio de Bras\u00edlia), e as finais no turno da tarde.<\/p>\n<h2>Programa\u00e7\u00e3o dos brasileiros nesta quinta (3)<\/h2>\n<p><strong>100m peito SB12 \u2013 5h12 \u2013 eliminat\u00f3rias<\/strong><br \/>\nCarol Santiago<\/p>\n<p><strong>100m livre S8 masculino \u2013 5h29 \u2013 eliminat\u00f3rias<\/strong><br \/>\nGabriel Cristiano<\/p>\n<p><strong>50m costas S3 \u2013 eliminat\u00f3rias\u00a0<\/strong><br \/>\nEd\u00eania Garcia (5h41)<br \/>\nSusana Schnarndorf (5h45)<br \/>\nMaiara Regina (5h45)<\/p>\n<p><strong>200m medley SM5 masculino \u2013 6h04 \u2013 eliminat\u00f3rias<\/strong><br \/>\nSamuel de Oliveira<\/p>\n<p><strong>200m medley SM5 feminino \u2013 6h11 \u2013 eliminat\u00f3rias\u00a0<\/strong><br \/>\nEsthefany Rodrigues<\/p>\n<p><strong>100m livre S9 \u2013 eliminat\u00f3rias\u00a0<\/strong><br \/>\nMariana Gesteira (6h40)<br \/>\nCamille Rodrigues (6h43)<\/p>\n<p><strong>400m livre S6 masculino \u2013 13h35 \u2013 final direta<\/strong><br \/>\nTalisson Glock<\/p>\n<p><strong>400m livre S6 feminino \u2013 13h43 \u2013 final direta<\/strong><br \/>\nLaila Suzigan<\/p>\n<p><strong>100m livre S8 feminino \u2013 14h28 \u2013 final direta\u00a0<\/strong><br \/>\nCec\u00edlia Ara\u00fajo<\/p>\n<p><strong>50m costas S4 \u2013 15h02 \u2013 final direta\u00a0<\/strong><br \/>\nL\u00eddia Vieira<\/p>\n<p><strong>200m livre S2 \u2013 15h31 \u2013 final direta\u00a0<\/strong><br \/>\nBruno Becker e Gabriel Ara\u00fajo<\/p>\n<p><strong>Revezamento misto 4x100m livre \u2013 49 pontos \u2013 16h41 \u2013 final direta\u00a0<\/strong><\/p>\n<p><strong>Revezamento misto 4x 100m livre \u2013 S14 \u2013 16h49 \u2013 final direta<\/p>\n<p><\/strong><span style=\"font-weight: 400;\">Fonte: Ag\u00eancia Brasil <\/span><\/p>\n","protected":false},"excerpt":{"rendered":"<p>O Brasil alcan\u00e7ou hoje (2) a\u00a0quarta posi\u00e7\u00e3o no quadro de medalhas\u00a0do Mundial de nata\u00e7\u00e3o paral\u00edmpica em Manchester (Inglaterra), ao subir seis vezes ao p\u00f3dio, quatro delas com medalhas de ouro.\u00a0Foi o caso do mineiro Gabriel Ara\u00fajo, o Gabrielzinho, que conquistou nesta quarta (2) o bicampeonato na prova dos 100 metros costas, classe S2 (limita\u00e7\u00e3o f\u00edsico-motora) [&hellip;]<\/p>\n","protected":false},"author":246,"featured_media":216845,"comment_status":"closed","ping_status":"closed","sticky":false,"template":"","format":"standard","meta":{"footnotes":""},"categories":[436,257,439],"tags":[],"class_list":["post-216844","post","type-post","status-publish","format-standard","has-post-thumbnail","hentry","category-destaque-da-semana","category-esporte","category-ultima-hora"],"_links":{"self":[{"href":"https:\/\/diarioregionaldigital.com.br\/index.php?rest_route=\/wp\/v2\/posts\/216844","targetHints":{"allow":["GET"]}}],"collection":[{"href":"https:\/\/diarioregionaldigital.com.br\/index.php?rest_route=\/wp\/v2\/posts"}],"about":[{"href":"https:\/\/diarioregionaldigital.com.br\/index.php?rest_route=\/wp\/v2\/types\/post"}],"author":[{"embeddable":true,"href":"https:\/\/diarioregionaldigital.com.br\/index.php?rest_route=\/wp\/v2\/users\/246"}],"replies":[{"embeddable":true,"href":"https:\/\/diarioregionaldigital.com.br\/index.php?rest_route=%2Fwp%2Fv2%2Fcomments&post=216844"}],"version-history":[{"count":1,"href":"https:\/\/diarioregionaldigital.com.br\/index.php?rest_route=\/wp\/v2\/posts\/216844\/revisions"}],"predecessor-version":[{"id":216846,"href":"https:\/\/diarioregionaldigital.com.br\/index.php?rest_route=\/wp\/v2\/posts\/216844\/revisions\/216846"}],"wp:featuredmedia":[{"embeddable":true,"href":"https:\/\/diarioregionaldigital.com.br\/index.php?rest_route=\/wp\/v2\/media\/216845"}],"wp:attachment":[{"href":"https:\/\/diarioregionaldigital.com.br\/index.php?rest_route=%2Fwp%2Fv2%2Fmedia&parent=216844"}],"wp:term":[{"taxonomy":"category","embeddable":true,"href":"https:\/\/diarioregionaldigital.com.br\/index.php?rest_route=%2Fwp%2Fv2%2Fcategories&post=216844"},{"taxonomy":"post_tag","embeddable":true,"href":"https:\/\/diarioregionaldigital.com.br\/index.php?rest_route=%2Fwp%2Fv2%2Ftags&post=216844"}],"curies":[{"name":"wp","href":"https:\/\/api.w.org\/{rel}","templated":true}]}}