{"id":216783,"date":"2023-08-02T23:02:45","date_gmt":"2023-08-03T02:02:45","guid":{"rendered":"https:\/\/diarioregionaldigital.com.br\/?p=216783"},"modified":"2023-08-02T23:02:45","modified_gmt":"2023-08-03T02:02:45","slug":"sundhage-atribui-eliminacao-a-jogo-lento-e-demora-nas-substituicoes","status":"publish","type":"post","link":"https:\/\/diarioregionaldigital.com.br\/?p=216783","title":{"rendered":"Sundhage atribui elimina\u00e7\u00e3o a jogo lento e demora nas substitui\u00e7\u00f5es"},"content":{"rendered":"<p>Instantes ap\u00f3s a inesperada elimina\u00e7\u00e3o ainda na fase de grupos da Copa do Mundo Feminina de futebol, consumada com o empate por 0 a 0 com a Jamaica, a t\u00e9cnica Pia Sundhage foi questionada sobre o pr\u00f3prio futuro e o de Marta nos pr\u00f3ximos passos da sele\u00e7\u00e3o brasileira. A respeito de si pr\u00f3pria, a sueca se limitou a mencionar o contrato que assinou com a CBF em 2019 e estendido em 2021.<img decoding=\"async\" src=\"https:\/\/agenciabrasil.ebc.com.br\/ebc.png?id=1546919&amp;o=node\" \/><img decoding=\"async\" src=\"https:\/\/agenciabrasil.ebc.com.br\/ebc.gif?id=1546919&amp;o=node\" \/><\/p>\n<p>&#8220;Meu contrato se encerra no dia 30 de agosto do ano que vem&#8221;, disse Sundhage, sem maiores compromissos.<\/p>\n<p>O contrato tem a inten\u00e7\u00e3o de cobrir a Olimp\u00edada de Paris. A sele\u00e7\u00e3o feminina j\u00e1 est\u00e1 classificada para os Jogos de 2024.<\/p>\n<p>Sundhage tamb\u00e9m respondeu sobre os planos de utiliza\u00e7\u00e3o da craque Marta, de 37 anos, nos pr\u00f3ximos anos. Embora tenha sido novamente evasiva, ela deu a entender que a tend\u00eancia \u00e9 que a camisa 10 perca espa\u00e7o no elenco brasileiro.<\/p>\n<p>&#8220;Em rela\u00e7\u00e3o \u00e0 Marta, n\u00e3o sei. Acho que ela vai continuar a jogar. Se ela ser\u00e1 convocada, temos que ver. Enquanto eu estiver \u00e0 frente da sele\u00e7\u00e3o, vamos trabalhar muito para encontrar novas jogadoras. Ser\u00e1 cada vez mais dif\u00edcil que ela se mantenha. Precisamos ser muito melhores do que fomos hoje. E vou continuar buscando olhar mais jogadoras&#8221;, reiterou Pia.<\/p>\n<p>Ainda no campo do Est\u00e1dio Retangular de Melbourne, na Austr\u00e1lia, Marta havia concedido entrevista \u00e0 transmiss\u00e3o oficial do evento em que confirmou que esta foi sua\u00a0\u00faltima Copa do Mundo na\u00a0carreira.<\/p>\n<p>&#8220;A Marta acaba por aqui. N\u00e3o tem mais Marta. Estou muito contente com tudo que vem acontecendo com o futebol feminino no Brasil e no mundo. N\u00e3o deixem de apoiar. Para elas, \u00e9 s\u00f3 o come\u00e7o. Para mim, \u00e9 o fim da linha&#8221;, afirmou a craque, dona de seis bolas de ouro..<\/p>\n<h2>Sundhage detecta &#8220;jogo lento&#8221; como motivo da elimina\u00e7\u00e3o<\/h2>\n<p>Analisando o duelo com a Jamaica, a t\u00e9cnica sueca considerou que o Brasil poderia ter explorado mais a largura do campo no ataque.<\/p>\n<p>&#8220;Falhamos na velocidade do jogo e tamb\u00e9m em perceber que quando se encara uma defesa t\u00e3o compacta h\u00e1 que se usar toda a largura do campo. A forma como tentamos contornar isso simplesmente n\u00e3o funcionou&#8221;, analisou a treinadora.<\/p>\n<p>Segundo ela, faltou tamb\u00e9m explorar mais o meio do campo. Pia admitiu que talvez tenha demorado a mexer no time no segundo tempo.<\/p>\n<p>&#8220;O mais importante era tomar alguma atitude e fazer alguma coisa. E ent\u00e3o identificar quem estava mais fresca para entrar. A rea\u00e7\u00e3o pode ter sido um pouco tardia. Talvez teria sido melhor, ao inv\u00e9s de tantos cruzamentos, se nossas jogadoras de meio tivessem entrado mais. Mudar o ponto de ataque para mexer a defesa delas. Nos faltou coragem para penetrar mais&#8221;.<\/p>\n<p>Questionada sobre o processo de prepara\u00e7\u00e3o para a Copa, Pia n\u00e3o enxergou falhas. Pelo menos no calor do momento, n\u00e3o entendeu que algo tenha sido feito de forma errada.<\/p>\n<p>&#8220;Tenho que pensar se poder\u00edamos ter feito algo diferente, mas agora n\u00e3o tenho resposta para isso. Fizemos uma boa prepara\u00e7\u00e3o, com bons jogos e treinamentos. \u00c0s vezes, a dist\u00e2ncia entre sucesso e fracasso \u00e9 pequena&#8221;, disse Pia.<\/p>\n<p><span style=\"font-weight: 400;\">Fonte: Ag\u00eancia Brasil <\/span><\/p>\n","protected":false},"excerpt":{"rendered":"<p>Instantes ap\u00f3s a inesperada elimina\u00e7\u00e3o ainda na fase de grupos da Copa do Mundo Feminina de futebol, consumada com o empate por 0 a 0 com a Jamaica, a t\u00e9cnica Pia Sundhage foi questionada sobre o pr\u00f3prio futuro e o de Marta nos pr\u00f3ximos passos da sele\u00e7\u00e3o brasileira. A respeito de si pr\u00f3pria, a sueca [&hellip;]<\/p>\n","protected":false},"author":246,"featured_media":216784,"comment_status":"closed","ping_status":"closed","sticky":false,"template":"","format":"standard","meta":{"footnotes":""},"categories":[436,257,439],"tags":[],"class_list":["post-216783","post","type-post","status-publish","format-standard","has-post-thumbnail","hentry","category-destaque-da-semana","category-esporte","category-ultima-hora"],"_links":{"self":[{"href":"https:\/\/diarioregionaldigital.com.br\/index.php?rest_route=\/wp\/v2\/posts\/216783","targetHints":{"allow":["GET"]}}],"collection":[{"href":"https:\/\/diarioregionaldigital.com.br\/index.php?rest_route=\/wp\/v2\/posts"}],"about":[{"href":"https:\/\/diarioregionaldigital.com.br\/index.php?rest_route=\/wp\/v2\/types\/post"}],"author":[{"embeddable":true,"href":"https:\/\/diarioregionaldigital.com.br\/index.php?rest_route=\/wp\/v2\/users\/246"}],"replies":[{"embeddable":true,"href":"https:\/\/diarioregionaldigital.com.br\/index.php?rest_route=%2Fwp%2Fv2%2Fcomments&post=216783"}],"version-history":[{"count":1,"href":"https:\/\/diarioregionaldigital.com.br\/index.php?rest_route=\/wp\/v2\/posts\/216783\/revisions"}],"predecessor-version":[{"id":216785,"href":"https:\/\/diarioregionaldigital.com.br\/index.php?rest_route=\/wp\/v2\/posts\/216783\/revisions\/216785"}],"wp:featuredmedia":[{"embeddable":true,"href":"https:\/\/diarioregionaldigital.com.br\/index.php?rest_route=\/wp\/v2\/media\/216784"}],"wp:attachment":[{"href":"https:\/\/diarioregionaldigital.com.br\/index.php?rest_route=%2Fwp%2Fv2%2Fmedia&parent=216783"}],"wp:term":[{"taxonomy":"category","embeddable":true,"href":"https:\/\/diarioregionaldigital.com.br\/index.php?rest_route=%2Fwp%2Fv2%2Fcategories&post=216783"},{"taxonomy":"post_tag","embeddable":true,"href":"https:\/\/diarioregionaldigital.com.br\/index.php?rest_route=%2Fwp%2Fv2%2Ftags&post=216783"}],"curies":[{"name":"wp","href":"https:\/\/api.w.org\/{rel}","templated":true}]}}