{"id":216732,"date":"2023-08-02T07:18:57","date_gmt":"2023-08-02T10:18:57","guid":{"rendered":"https:\/\/diarioregionaldigital.com.br\/?p=216732"},"modified":"2023-08-02T07:18:57","modified_gmt":"2023-08-02T10:18:57","slug":"itamaraty-promove-seminario-sobre-aceleracao-da-agenda-2030-no-pais","status":"publish","type":"post","link":"https:\/\/diarioregionaldigital.com.br\/?p=216732","title":{"rendered":"Itamaraty promove semin\u00e1rio sobre acelera\u00e7\u00e3o da Agenda 2030 no pa\u00eds"},"content":{"rendered":"<p>O Minist\u00e9rio das Rela\u00e7\u00f5es Exteriores promoveu, no Pal\u00e1cio Itamaraty, em Bras\u00edlia, nesta ter\u00e7a-feira (1\u00ba), o semin\u00e1rio Acelerando a Implementa\u00e7\u00e3o dos Objetivos de Desenvolvimento Sustent\u00e1vel: a Agenda 2030 no Brasil.\u00a0<img decoding=\"async\" src=\"https:\/\/agenciabrasil.ebc.com.br\/ebc.png?id=1546802&amp;o=node\" \/><img decoding=\"async\" src=\"https:\/\/agenciabrasil.ebc.com.br\/ebc.gif?id=1546802&amp;o=node\" \/><\/p>\n<p>O evento \u00e9 preparat\u00f3rio para a C\u00fapula dos Objetivos de Desenvolvimento Sustent\u00e1vel, em setembro, na sede da Organiza\u00e7\u00e3o das Na\u00e7\u00f5es Unidas (ONU), que marcar\u00e1 a metade do prazo para a implementa\u00e7\u00e3o dos 17 objetivos\u00a0e que contar\u00e1 com a presen\u00e7a do governo brasileiro.<\/p>\n<p>O ministro das Rela\u00e7\u00f5es Exteriores do Brasil, embaixador Mauro Vieira, ressaltou durante o semin\u00e1rio que a Agenda 2030 para o Desenvolvimento Sustent\u00e1vel, em suas tr\u00eas dimens\u00f5es &#8211; social, ambiental e econ\u00f4mica \u2013 \u00e9 prioridade absoluta do governo brasileiro, em especial, no objetivo da erradica\u00e7\u00e3o da pobreza no pa\u00eds.<\/p>\n<p>Mauro Vieira defende\u00a0que o\u00a0Brasil tem, historicamente, desempenhado um papel de lideran\u00e7a na agenda multilateral de desenvolvimento sustent\u00e1vel. &#8220;Esse papel resulta de um esfor\u00e7o coletivo de nossa vibrante democracia, beneficiando-se de contribui\u00e7\u00f5es de \u00f3rg\u00e3os governamentais, minist\u00e9rios, academia, organiza\u00e7\u00f5es da sociedade civil e demais partes interessadas em todos os n\u00edveis&#8221;.<\/p>\n<blockquote><p>\u201cSobre a implementa\u00e7\u00e3o da Agenda 2030, o engajamento de v\u00e1rios atores \u00e9 um compromisso com esta pol\u00edtica externa democr\u00e1tica e participativa [brasileira]. \u00c9 tamb\u00e9m a garantia do pleno \u00eaxito da pol\u00edtica brasileira de desenvolvimento sustent\u00e1vel, a partir da execu\u00e7\u00e3o e do monitoramento peri\u00f3dico dos Objetivos de Desenvolvimento Sustent\u00e1vel\u201d, diz\u00a0Mauro Vieira.<\/p><\/blockquote>\n<h2>ONU<\/h2>\n<p>O semin\u00e1rio contou com a presen\u00e7a da segunda autoridade na hierarquia das Na\u00e7\u00f5es Unidas, a vice-secret\u00e1ria-Geral da ONU, Amina Mohammed. Em visita ao Itamaraty, Amina Mohammed lamentou que, mundialmente, apenas 12% dos Objetivos de Desenvolvimento Sustent\u00e1vel est\u00e3o dentro do cronograma da Agenda 2030, na data certa. A lideran\u00e7a citou estagna\u00e7\u00e3o em alguns pontos e, tamb\u00e9m, que \u00e9 verificado o retrocesso em mais de 50% das metas, como o aumento da fome mundial, voltando aos n\u00edveis de 2005, e aumento dos efeitos das mudan\u00e7as clim\u00e1ticas.<\/p>\n<p>Segundo Amina Mohammed, os retrocessos seriam justificados pelos efeitos na sa\u00fade, econ\u00f4micos e sociais provocados pela pandemia do covid 19, al\u00e9m dos impactos da guerra na Ucr\u00e2nia e, ainda, das crises de energia e do financiamento.<\/p>\n<blockquote><p>\u201cA comunidade global est\u00e1 fracassando. Essas estat\u00edsticas n\u00e3o s\u00e3o apenas n\u00fameros no papel, elas t\u00eam consequ\u00eancias globais, que s\u00e3o sentidas em todo o mundo, em cada um dos pa\u00edses\u201d<\/p><\/blockquote>\n<p>A vice-secret\u00e1ria-Geral da ONU lembrou que os Objetivos de Desenvolvimento Sustent\u00e1vel tiveram origem no Brasil, nas confer\u00eancias sobre meio ambiente Eco 92 (em 1992, no Rio de Janeiro), e a Rio +20, em 2012.<\/p>\n<div class=\"dnd-widget-wrapper context-cheio_8colunas type-image\">\n<div class=\"dnd-atom-rendered\">\n<h2>Atrasos<\/h2>\n<p>A secret\u00e1ria de Assuntos Internacionais e Desenvolvimento do Minist\u00e9rio do Planejamento e Or\u00e7amento, Renata Amaral, destacou\u00a0dados do\u00a0Relat\u00f3rio Luz sobre a Agenda 2030 no Brasil, publicado em 2022\u00a0pelo Grupo de Trabalho da Sociedade Civil para a Agenda 2030 (<a href=\"https:\/\/gtagenda2030.org.br\/\" target=\"_blank\" rel=\"noopener\">GT Agenda 2030<\/a>). O levantamento mostra que h\u00e1 atraso no cumprimento de diversos Objetivos de Desenvolvimento Sustent\u00e1vel\u00a0no pa\u00eds e confirma que os retrocessos est\u00e3o relacionados aos impactos da pandemia de covid-19, com destaque \u00e0 erradica\u00e7\u00e3o da pobreza, educa\u00e7\u00e3o, igualdade de g\u00eanero, saneamento, redu\u00e7\u00e3o das desigualdades e combate \u00e0 mudan\u00e7a do clima.<\/p>\n<p>Mas\u00a0a secret\u00e1ria Renata Amaral esclarece que o Brasil n\u00e3o \u00e9 exce\u00e7\u00e3o neste contexto e que \u00e9 preciso realizar esfor\u00e7os para o alcance das metas. \u201cDado a seus pesos pol\u00edtico\u00a0e demogr\u00e1fico, o Brasil tem um papel central nos esfor\u00e7os globais de acelerar a implementa\u00e7\u00e3o dos Objetivos de Desenvolvimento Sustent\u00e1vel. Pela transversalidade da Agenda 2030, o esfor\u00e7o dom\u00e9stico de acelerar a implementa\u00e7\u00e3o dos ODS exigir\u00e1 uma frente que abarque os governos &#8211; tanto federal, quanto em n\u00edvel subnacional, mais a sociedade civil\u201d.<\/p>\n<p>O ministro da Secretaria-Geral da Presid\u00eancia da Rep\u00fablica, M\u00e1rcio Mac\u00eado, recapitulou a\u00e7\u00f5es do governo do presidente Luiz In\u00e1cio Lula da Silva para demonstrar que o pa\u00eds tem se pautado para proporcionar o amplo desenvolvimento sustent\u00e1vel aos brasileiros. \u201c\u00c9 um processo muito intenso, nos \u00faltimos seis meses, para estar em sintonia com compromissos que o Brasil tem com os Objetivos de Desenvolvimento Sustent\u00e1vel\u201d.<\/p>\n<p>O embaixador Mauro Vieira, e a Vice-Secret\u00e1ria-Geral da ONU, Amina J. Mohammed, ainda trataram da reforma das institui\u00e7\u00f5es financeiras internacionais e da coopera\u00e7\u00e3o sul-sul prestada pelo Brasil, que \u00e9 colabora\u00e7\u00e3o t\u00e9cnica internacional que se d\u00e1 entre pa\u00edses em desenvolvimento, que compartilham desafios e experi\u00eancias semelhantes.<\/p>\n<p><span style=\"font-weight: 400;\">Fonte: Ag\u00eancia Brasil <\/span><\/p>\n<\/div>\n<\/div>\n","protected":false},"excerpt":{"rendered":"<p>O Minist\u00e9rio das Rela\u00e7\u00f5es Exteriores promoveu, no Pal\u00e1cio Itamaraty, em Bras\u00edlia, nesta ter\u00e7a-feira (1\u00ba), o semin\u00e1rio Acelerando a Implementa\u00e7\u00e3o dos Objetivos de Desenvolvimento Sustent\u00e1vel: a Agenda 2030 no Brasil.\u00a0 O evento \u00e9 preparat\u00f3rio para a C\u00fapula dos Objetivos de Desenvolvimento Sustent\u00e1vel, em setembro, na sede da Organiza\u00e7\u00e3o das Na\u00e7\u00f5es Unidas (ONU), que marcar\u00e1 a metade [&hellip;]<\/p>\n","protected":false},"author":246,"featured_media":216733,"comment_status":"closed","ping_status":"closed","sticky":false,"template":"","format":"standard","meta":{"footnotes":""},"categories":[436,440,254,439],"tags":[],"class_list":["post-216732","post","type-post","status-publish","format-standard","has-post-thumbnail","hentry","category-destaque-da-semana","category-destaques-do-dia","category-politica","category-ultima-hora"],"_links":{"self":[{"href":"https:\/\/diarioregionaldigital.com.br\/index.php?rest_route=\/wp\/v2\/posts\/216732","targetHints":{"allow":["GET"]}}],"collection":[{"href":"https:\/\/diarioregionaldigital.com.br\/index.php?rest_route=\/wp\/v2\/posts"}],"about":[{"href":"https:\/\/diarioregionaldigital.com.br\/index.php?rest_route=\/wp\/v2\/types\/post"}],"author":[{"embeddable":true,"href":"https:\/\/diarioregionaldigital.com.br\/index.php?rest_route=\/wp\/v2\/users\/246"}],"replies":[{"embeddable":true,"href":"https:\/\/diarioregionaldigital.com.br\/index.php?rest_route=%2Fwp%2Fv2%2Fcomments&post=216732"}],"version-history":[{"count":1,"href":"https:\/\/diarioregionaldigital.com.br\/index.php?rest_route=\/wp\/v2\/posts\/216732\/revisions"}],"predecessor-version":[{"id":216734,"href":"https:\/\/diarioregionaldigital.com.br\/index.php?rest_route=\/wp\/v2\/posts\/216732\/revisions\/216734"}],"wp:featuredmedia":[{"embeddable":true,"href":"https:\/\/diarioregionaldigital.com.br\/index.php?rest_route=\/wp\/v2\/media\/216733"}],"wp:attachment":[{"href":"https:\/\/diarioregionaldigital.com.br\/index.php?rest_route=%2Fwp%2Fv2%2Fmedia&parent=216732"}],"wp:term":[{"taxonomy":"category","embeddable":true,"href":"https:\/\/diarioregionaldigital.com.br\/index.php?rest_route=%2Fwp%2Fv2%2Fcategories&post=216732"},{"taxonomy":"post_tag","embeddable":true,"href":"https:\/\/diarioregionaldigital.com.br\/index.php?rest_route=%2Fwp%2Fv2%2Ftags&post=216732"}],"curies":[{"name":"wp","href":"https:\/\/api.w.org\/{rel}","templated":true}]}}