{"id":216729,"date":"2023-08-02T07:16:02","date_gmt":"2023-08-02T10:16:02","guid":{"rendered":"https:\/\/diarioregionaldigital.com.br\/?p=216729"},"modified":"2023-08-02T07:16:02","modified_gmt":"2023-08-02T10:16:02","slug":"balanca-comercial-tem-superavit-de-us-9035-bi-em-julho","status":"publish","type":"post","link":"https:\/\/diarioregionaldigital.com.br\/?p=216729","title":{"rendered":"Balan\u00e7a comercial tem super\u00e1vit de US$ 9,035 bi em julho"},"content":{"rendered":"<p>A balan\u00e7a comercial \u2013 diferen\u00e7a entre exporta\u00e7\u00f5es e importa\u00e7\u00f5es \u2013 fechou julho com super\u00e1vit de US$ 9,035 bilh\u00f5es, divulgou nesta ter\u00e7a-feira (1\u00ba) o Minist\u00e9rio do Desenvolvimento, Ind\u00fastria, Com\u00e9rcio e Servi\u00e7os (MDIC). O resultado \u00e9 o melhor para meses de julho e representa alta de 68,7% em rela\u00e7\u00e3o ao mesmo m\u00eas do ano passado, pelo crit\u00e9rio da m\u00e9dia di\u00e1ria.<img decoding=\"async\" src=\"https:\/\/agenciabrasil.ebc.com.br\/ebc.png?id=1546758&amp;o=node\" \/><img decoding=\"async\" src=\"https:\/\/agenciabrasil.ebc.com.br\/ebc.gif?id=1546758&amp;o=node\" \/><\/p>\n<p>Com o resultado de julho, a balan\u00e7a comercial encerrou os sete primeiros meses do ano com super\u00e1vit acumulado de US$ 54,1 bilh\u00f5es, resultado recorde para o per\u00edodo desde o in\u00edcio da s\u00e9rie hist\u00f3rica, em 1989.<\/p>\n<p>Em rela\u00e7\u00e3o ao resultado mensal, o recorde ocorreu apesar de tanto as exporta\u00e7\u00f5es como as importa\u00e7\u00f5es terem ca\u00eddo em julho. No m\u00eas passado, o Brasil vendeu US$ 29,062 bilh\u00f5es para o exterior, queda de 2,6% em rela\u00e7\u00e3o ao mesmo m\u00eas de 2022 pelo crit\u00e9rio da m\u00e9dia di\u00e1ria. As compras do exterior somaram US$ 20,027 bilh\u00f5es, recuo de 18,2% pelo mesmo crit\u00e9rio.<\/p>\n<p>Do lado das exporta\u00e7\u00f5es, a queda das\u00a0<em>commodities<\/em>\u00a0(bens prim\u00e1rios com cota\u00e7\u00e3o internacional) foi a principal respons\u00e1vel pela retra\u00e7\u00e3o. Ap\u00f3s baterem recorde no primeiro semestre do ano passado, ap\u00f3s o in\u00edcio da guerra entre R\u00fassia e Ucr\u00e2nia, as\u00a0<em>commodities\u00a0<\/em>recuaram nos \u00faltimos meses, provocando a retra\u00e7\u00e3o nas vendas externas. A safra recorde de gr\u00e3os contribuiu para segurar a queda nas exporta\u00e7\u00f5es.<\/p>\n<p>No m\u00eas passado, o volume de mercadorias exportadas subiu 14,1%, enquanto os pre\u00e7os ca\u00edram 14,2% em m\u00e9dia na compara\u00e7\u00e3o com o mesmo m\u00eas do ano passado. Nas importa\u00e7\u00f5es, a quantidade comprada caiu 2,7%, mas os pre\u00e7os m\u00e9dios recuaram 14,8%.<\/p>\n<h2>Setores<\/h2>\n<p>Ao comparar o setor agropecu\u00e1rio, a safra recorde de gr\u00e3os pesou mais nas exporta\u00e7\u00f5es. O volume de mercadorias embarcadas subiu 26,7% em julho na compara\u00e7\u00e3o com o mesmo m\u00eas de 2022, enquanto o pre\u00e7o m\u00e9dio caiu 18,7%. Na ind\u00fastria de transforma\u00e7\u00e3o, a quantidade subiu 1,9%, com o pre\u00e7o m\u00e9dio recuando 6,3%. Na ind\u00fastria extrativa, que engloba a exporta\u00e7\u00e3o de min\u00e9rios e de petr\u00f3leo, a quantidade exportada subiu 31,5%, enquanto os pre\u00e7os m\u00e9dios ca\u00edram 26%.<\/p>\n<p>Os produtos com maior destaque nas exporta\u00e7\u00f5es agropecu\u00e1rias foram milho n\u00e3o mo\u00eddo (-7,3%), mel natural (-69,1%) e caf\u00e9 n\u00e3o torrado (-12,6%). Exceto no caso do caf\u00e9, afetado pela safra menor, essa diminui\u00e7\u00e3o se deve principalmente aos pre\u00e7os. O destaque positivo para a soja, cujas exporta\u00e7\u00f5es subiram 3,2% entre julho do ano passado e julho deste ano. A safra recorde fez o volume de embarques de soja aumentar 31,9%, mas o pre\u00e7o m\u00e9dio caiu 21,8%.<\/p>\n<p>Na ind\u00fastria extrativa, as principais quedas foram registradas em min\u00e9rios de ferro e seus concentrados (-15,9%) e min\u00e9rios de cobre e seus concentrados (-11%) na mesma compara\u00e7\u00e3o. Nos dois casos, a quantidade exportada subiu, mas os pre\u00e7os m\u00e9dios ca\u00edram com a acomoda\u00e7\u00e3o das cota\u00e7\u00f5es internacionais ap\u00f3s o primeiro anivers\u00e1rio da guerra entre R\u00fassia e Ucr\u00e2nia.<\/p>\n<p>Em rela\u00e7\u00e3o aos \u00f3leos brutos de petr\u00f3leo, que tamb\u00e9m s\u00e3o classificados dentro da ind\u00fastria extrativa, as exporta\u00e7\u00f5es subiram 8,2%. Os pre\u00e7os m\u00e9dios recuaram 35,7% em rela\u00e7\u00e3o a julho do ano passado, mas a quantidade embarcada aumentou 68,2%, impulsionada pelo crescimento da produ\u00e7\u00e3o.<\/p>\n<p>Na ind\u00fastria de transforma\u00e7\u00e3o, as maiores quedas ocorreram nos combust\u00edveis (-32,3%), na carne bovina fresca, refrigerada ou congelada (-30,4%) e em produtos semiacabados de ferro ou a\u00e7o (-27,1%).<\/p>\n<p>Em rela\u00e7\u00e3o \u00e0s importa\u00e7\u00f5es, os principais recuos foram registrados nos seguintes produtos: trigo e centeio n\u00e3o mo\u00eddos (-42,4%); cevada n\u00e3o mo\u00edda (-61,1%) e milho n\u00e3o mo\u00eddo (-47,3%), na agropecu\u00e1ria; g\u00e1s natural (-28,6%), outros min\u00e9rios e concentrados dos metais de base (-20,9%) e carv\u00e3o n\u00e3o aglomerado ( -7,1%), na ind\u00fastria extrativa; e compostos organo-inorg\u00e2nicos (-37,6%) e adubos ou fertilizantes qu\u00edmicos (-64,8%), na ind\u00fastria de transforma\u00e7\u00e3o.<\/p>\n<p>Em rela\u00e7\u00e3o aos fertilizantes, cujas compras do exterior ainda s\u00e3o impactadas pela guerra entre R\u00fassia e Ucr\u00e2nia, a queda deve-se principalmente \u00e0 diminui\u00e7\u00e3o de 57,7% nos pre\u00e7os. A quantidade importada caiu 16,8% em julho na compara\u00e7\u00e3o com julho do ano passado.<\/p>\n<h2>Estimativa<\/h2>\n<p>Apesar da desvaloriza\u00e7\u00e3o das\u00a0<em>commodities<\/em>, o\u00a0<a href=\"https:\/\/agenciabrasil.ebc.com.br\/economia\/noticia\/2023-07\/ministerio-projeta-superavit-comercial-recorde-de-us-847-bilhoes\" target=\"_blank\" rel=\"noopener\">governo prev\u00ea saldo positivo recorde de US$ 84,7 bilh\u00f5es<\/a>, contra proje\u00e7\u00e3o anterior de US$ 84,1 bilh\u00f5es, feita em abril.<\/p>\n<p>Segundo o MDIC, as exporta\u00e7\u00f5es diminuir\u00e3o 1,4% em 2023 e encerrar\u00e3o o ano em US$ 330 bilh\u00f5es. As estimativas s\u00e3o atualizadas a cada tr\u00eas meses. As importa\u00e7\u00f5es recuar\u00e3o 10% e fechar\u00e3o o ano em US$ 245,2 bilh\u00f5es.<\/p>\n<p>As previs\u00f5es est\u00e3o muito mais otimistas que as do mercado financeiro. O boletim Focus, pesquisa com analistas de mercado divulgada toda semana pelo Banco Central, projeta super\u00e1vit de US$ 66 bilh\u00f5es neste ano.<\/p>\n<p><span style=\"font-weight: 400;\">Fonte: Ag\u00eancia Brasil <\/span><\/p>\n","protected":false},"excerpt":{"rendered":"<p>A balan\u00e7a comercial \u2013 diferen\u00e7a entre exporta\u00e7\u00f5es e importa\u00e7\u00f5es \u2013 fechou julho com super\u00e1vit de US$ 9,035 bilh\u00f5es, divulgou nesta ter\u00e7a-feira (1\u00ba) o Minist\u00e9rio do Desenvolvimento, Ind\u00fastria, Com\u00e9rcio e Servi\u00e7os (MDIC). O resultado \u00e9 o melhor para meses de julho e representa alta de 68,7% em rela\u00e7\u00e3o ao mesmo m\u00eas do ano passado, pelo crit\u00e9rio [&hellip;]<\/p>\n","protected":false},"author":246,"featured_media":216730,"comment_status":"closed","ping_status":"closed","sticky":false,"template":"","format":"standard","meta":{"footnotes":""},"categories":[436,261,439],"tags":[],"class_list":["post-216729","post","type-post","status-publish","format-standard","has-post-thumbnail","hentry","category-destaque-da-semana","category-economia","category-ultima-hora"],"_links":{"self":[{"href":"https:\/\/diarioregionaldigital.com.br\/index.php?rest_route=\/wp\/v2\/posts\/216729","targetHints":{"allow":["GET"]}}],"collection":[{"href":"https:\/\/diarioregionaldigital.com.br\/index.php?rest_route=\/wp\/v2\/posts"}],"about":[{"href":"https:\/\/diarioregionaldigital.com.br\/index.php?rest_route=\/wp\/v2\/types\/post"}],"author":[{"embeddable":true,"href":"https:\/\/diarioregionaldigital.com.br\/index.php?rest_route=\/wp\/v2\/users\/246"}],"replies":[{"embeddable":true,"href":"https:\/\/diarioregionaldigital.com.br\/index.php?rest_route=%2Fwp%2Fv2%2Fcomments&post=216729"}],"version-history":[{"count":1,"href":"https:\/\/diarioregionaldigital.com.br\/index.php?rest_route=\/wp\/v2\/posts\/216729\/revisions"}],"predecessor-version":[{"id":216731,"href":"https:\/\/diarioregionaldigital.com.br\/index.php?rest_route=\/wp\/v2\/posts\/216729\/revisions\/216731"}],"wp:featuredmedia":[{"embeddable":true,"href":"https:\/\/diarioregionaldigital.com.br\/index.php?rest_route=\/wp\/v2\/media\/216730"}],"wp:attachment":[{"href":"https:\/\/diarioregionaldigital.com.br\/index.php?rest_route=%2Fwp%2Fv2%2Fmedia&parent=216729"}],"wp:term":[{"taxonomy":"category","embeddable":true,"href":"https:\/\/diarioregionaldigital.com.br\/index.php?rest_route=%2Fwp%2Fv2%2Fcategories&post=216729"},{"taxonomy":"post_tag","embeddable":true,"href":"https:\/\/diarioregionaldigital.com.br\/index.php?rest_route=%2Fwp%2Fv2%2Ftags&post=216729"}],"curies":[{"name":"wp","href":"https:\/\/api.w.org\/{rel}","templated":true}]}}