{"id":216723,"date":"2023-08-01T05:43:09","date_gmt":"2023-08-01T08:43:09","guid":{"rendered":"https:\/\/diarioregionaldigital.com.br\/?p=216723"},"modified":"2023-08-01T05:43:09","modified_gmt":"2023-08-01T08:43:09","slug":"prefeitura-municipal-de-descoberto-extrato-de-contrato-no057-01-08-2023","status":"publish","type":"post","link":"https:\/\/diarioregionaldigital.com.br\/?p=216723","title":{"rendered":"Prefeitura Municipal de Descoberto &#8211; Extrato de Contrato n\u00ba057 &#8211; 01\/08\/2023"},"content":{"rendered":"<p style=\"text-align: center;\"><strong>EXTRATO DE CONTRATO<\/strong><\/p>\n<p style=\"text-align: center;\">Pref. Municipal de Descoberto x C R Manzo Engenharia Ltda \u00a0\u2013 Elabora\u00e7\u00e3o de projeto executivo de as-built das instala\u00e7\u00f5es el\u00e9tricas urbanas do munic\u00edpio \u00a0\u00a0\u2013 \u00a0Fundamento: Dispensa n\u00ba 006\/2023 &#8211; Valor Global: R$ 10.000,00 &#8211; Vig\u00eancia: 03 meses &#8211;\u00a0 Dot or\u00e7: 02.02006.25.752.0010.220-339039\/500 \u00a0&#8211; \u00a0\u00a0Ass: 31\/072023 &#8211; Foro: S\u00e3o Jo\u00e3o Nepomuceno\/MG.<\/p>\n<p style=\"text-align: center;\"><strong>Marcos de Ara\u00fajo Lima<\/strong><\/p>\n<p style=\"text-align: center;\"><strong>Prefeito Municipal <\/strong><\/p>\n","protected":false},"excerpt":{"rendered":"<p>EXTRATO DE CONTRATO Pref. Municipal de Descoberto x C R Manzo Engenharia Ltda \u00a0\u2013 Elabora\u00e7\u00e3o de projeto executivo de as-built das instala\u00e7\u00f5es el\u00e9tricas urbanas do munic\u00edpio \u00a0\u00a0\u2013 \u00a0Fundamento: Dispensa n\u00ba 006\/2023 &#8211; Valor Global: R$ 10.000,00 &#8211; Vig\u00eancia: 03 meses &#8211;\u00a0 Dot or\u00e7: 02.02006.25.752.0010.220-339039\/500 \u00a0&#8211; \u00a0\u00a0Ass: 31\/072023 &#8211; Foro: S\u00e3o Jo\u00e3o Nepomuceno\/MG. Marcos de Ara\u00fajo [&hellip;]<\/p>\n","protected":false},"author":96,"featured_media":0,"comment_status":"closed","ping_status":"closed","sticky":false,"template":"","format":"standard","meta":{"footnotes":""},"categories":[307],"tags":[],"class_list":["post-216723","post","type-post","status-publish","format-standard","hentry","category-editais"],"_links":{"self":[{"href":"https:\/\/diarioregionaldigital.com.br\/index.php?rest_route=\/wp\/v2\/posts\/216723","targetHints":{"allow":["GET"]}}],"collection":[{"href":"https:\/\/diarioregionaldigital.com.br\/index.php?rest_route=\/wp\/v2\/posts"}],"about":[{"href":"https:\/\/diarioregionaldigital.com.br\/index.php?rest_route=\/wp\/v2\/types\/post"}],"author":[{"embeddable":true,"href":"https:\/\/diarioregionaldigital.com.br\/index.php?rest_route=\/wp\/v2\/users\/96"}],"replies":[{"embeddable":true,"href":"https:\/\/diarioregionaldigital.com.br\/index.php?rest_route=%2Fwp%2Fv2%2Fcomments&post=216723"}],"version-history":[{"count":1,"href":"https:\/\/diarioregionaldigital.com.br\/index.php?rest_route=\/wp\/v2\/posts\/216723\/revisions"}],"predecessor-version":[{"id":216724,"href":"https:\/\/diarioregionaldigital.com.br\/index.php?rest_route=\/wp\/v2\/posts\/216723\/revisions\/216724"}],"wp:attachment":[{"href":"https:\/\/diarioregionaldigital.com.br\/index.php?rest_route=%2Fwp%2Fv2%2Fmedia&parent=216723"}],"wp:term":[{"taxonomy":"category","embeddable":true,"href":"https:\/\/diarioregionaldigital.com.br\/index.php?rest_route=%2Fwp%2Fv2%2Fcategories&post=216723"},{"taxonomy":"post_tag","embeddable":true,"href":"https:\/\/diarioregionaldigital.com.br\/index.php?rest_route=%2Fwp%2Fv2%2Ftags&post=216723"}],"curies":[{"name":"wp","href":"https:\/\/api.w.org\/{rel}","templated":true}]}}