{"id":216709,"date":"2023-08-01T02:26:44","date_gmt":"2023-08-01T05:26:44","guid":{"rendered":"https:\/\/diarioregionaldigital.com.br\/?p=216709"},"modified":"2023-08-01T02:26:44","modified_gmt":"2023-08-01T05:26:44","slug":"evento-de-adocao-responsavel-do-canil-municipal-promove-adocao-de-oito-pets","status":"publish","type":"post","link":"https:\/\/diarioregionaldigital.com.br\/?p=216709","title":{"rendered":"Evento de ado\u00e7\u00e3o respons\u00e1vel do Canil Municipal promove ado\u00e7\u00e3o de oito pets"},"content":{"rendered":"<p>Segundo informa\u00e7\u00f5es do site da Prefeitura de Juiz de Fora (PJF), no \u00faltimo s\u00e1bado, 29, oito pets tiveram um novo recome\u00e7o atrav\u00e9s do evento de ado\u00e7\u00e3o respons\u00e1vel. O evento do Canil Municipal da Prefeitura de Juiz de Fora (PJF) aconteceu no Parque Halfeld, de 9h \u00e0s 13h. Seis c\u00e3es e dois gatos ganharam uma nova fam\u00edlia.<\/p>\n<p>Para os tutores que n\u00e3o vacinaram seu pet na campanha contra raiva de 2022, foram disponibilizadas imunizantes para atualizar o cart\u00e3o vacinal. Ao total, 64 doses foram aplicadas em c\u00e3es e gatos.<\/p>\n<p><strong>&#8220;Me Adota A\u00ed!&#8221;<\/strong><\/p>\n<p>A campanha \u201cMe Adota A\u00ed!\u201d foi lan\u00e7ada pela atual gest\u00e3o municipal com o objetivo de garantir um lar para os animais que est\u00e3o no Canil Municipal. Os interessados em adotar um amigo podem visitar o Canil das 9h \u00e0s 10h30 e das 13h \u00e0s 15h30, de segunda a sexta ou mediante agendamento, para outros dias, pelo telefone (32) 3225-9933. O endere\u00e7o \u00e9 Rua Bartolomeu dos Santos 680, bairro S\u00e3o Dami\u00e3o.<\/p>\n","protected":false},"excerpt":{"rendered":"<p>Segundo informa\u00e7\u00f5es do site da Prefeitura de Juiz de Fora (PJF), no \u00faltimo s\u00e1bado, 29, oito pets tiveram um novo recome\u00e7o atrav\u00e9s do evento de ado\u00e7\u00e3o respons\u00e1vel. O evento do Canil Municipal da Prefeitura de Juiz de Fora (PJF) aconteceu no Parque Halfeld, de 9h \u00e0s 13h. Seis c\u00e3es e dois gatos ganharam uma nova [&hellip;]<\/p>\n","protected":false},"author":246,"featured_media":216710,"comment_status":"closed","ping_status":"closed","sticky":false,"template":"","format":"standard","meta":{"footnotes":""},"categories":[253,436,439],"tags":[],"class_list":["post-216709","post","type-post","status-publish","format-standard","has-post-thumbnail","hentry","category-cidade","category-destaque-da-semana","category-ultima-hora"],"_links":{"self":[{"href":"https:\/\/diarioregionaldigital.com.br\/index.php?rest_route=\/wp\/v2\/posts\/216709","targetHints":{"allow":["GET"]}}],"collection":[{"href":"https:\/\/diarioregionaldigital.com.br\/index.php?rest_route=\/wp\/v2\/posts"}],"about":[{"href":"https:\/\/diarioregionaldigital.com.br\/index.php?rest_route=\/wp\/v2\/types\/post"}],"author":[{"embeddable":true,"href":"https:\/\/diarioregionaldigital.com.br\/index.php?rest_route=\/wp\/v2\/users\/246"}],"replies":[{"embeddable":true,"href":"https:\/\/diarioregionaldigital.com.br\/index.php?rest_route=%2Fwp%2Fv2%2Fcomments&post=216709"}],"version-history":[{"count":1,"href":"https:\/\/diarioregionaldigital.com.br\/index.php?rest_route=\/wp\/v2\/posts\/216709\/revisions"}],"predecessor-version":[{"id":216711,"href":"https:\/\/diarioregionaldigital.com.br\/index.php?rest_route=\/wp\/v2\/posts\/216709\/revisions\/216711"}],"wp:featuredmedia":[{"embeddable":true,"href":"https:\/\/diarioregionaldigital.com.br\/index.php?rest_route=\/wp\/v2\/media\/216710"}],"wp:attachment":[{"href":"https:\/\/diarioregionaldigital.com.br\/index.php?rest_route=%2Fwp%2Fv2%2Fmedia&parent=216709"}],"wp:term":[{"taxonomy":"category","embeddable":true,"href":"https:\/\/diarioregionaldigital.com.br\/index.php?rest_route=%2Fwp%2Fv2%2Fcategories&post=216709"},{"taxonomy":"post_tag","embeddable":true,"href":"https:\/\/diarioregionaldigital.com.br\/index.php?rest_route=%2Fwp%2Fv2%2Ftags&post=216709"}],"curies":[{"name":"wp","href":"https:\/\/api.w.org\/{rel}","templated":true}]}}