{"id":216706,"date":"2023-08-01T02:25:07","date_gmt":"2023-08-01T05:25:07","guid":{"rendered":"https:\/\/diarioregionaldigital.com.br\/?p=216706"},"modified":"2023-08-01T02:25:07","modified_gmt":"2023-08-01T05:25:07","slug":"procon-aqui-abre-agosto-com-atendimento-no-bairro-vila-ideal-nesta-terca-feira-1","status":"publish","type":"post","link":"https:\/\/diarioregionaldigital.com.br\/?p=216706","title":{"rendered":"\u201cProcon Aqui\u201d abre agosto com atendimento no bairro Vila Ideal, nesta ter\u00e7a-feira, 1\u00b0"},"content":{"rendered":"<p>Segundo informa\u00e7\u00f5es do site da Prefeitura de Juiz de Fora (PJF), nesta ter\u00e7a-feira, 1\u00b0, a Ag\u00eancia de Prote\u00e7\u00e3o e Defesa do Consumidor (Procon) da Prefeitura de Juiz de Fora (PJF) promove atendimento\u00a0 na Pra\u00e7a da Vila Ideal, na Avenida Francisco Valadares, de 13h \u00e0s 17h.\u00a0 A iniciativa \u201cProcon Aqui\u201d \u00e9 desenvolvida pela Secretaria de Governo (SG) para facilitar o atendimento ao consumidor nos bairros. Toda ter\u00e7a-feira o Procon M\u00f3vel \u00e9 deslocado para atender em uma regi\u00e3o.<\/p>\n<p>A a\u00e7\u00e3o agrega vantagens na diminui\u00e7\u00e3o da burocratiza\u00e7\u00e3o dos servi\u00e7os e aproxima o consumidor ao atendimento sobre os seus direitos, criando assim oportunidades para toda popula\u00e7\u00e3o de Juiz de Fora. Al\u00e9m do atendimento do Procon, o evento conta com a presen\u00e7a de representantes do Gabinete de A\u00e7\u00e3o e Di\u00e1logo Comunit\u00e1rio (GADC), para registrar pedidos de zeladoria.<\/p>\n<p><strong>Os atendimentos acontecem semanalmente por toda a cidade. Confira abaixo a programa\u00e7\u00e3o das pr\u00f3ximas a\u00e7\u00f5es do \u201cProcon Aqui\u201d:<\/strong><\/p>\n<p>01\/08 (ter\u00e7a-feira) \u2013 13h \u00e0s 17h<\/p>\n<p>Pra\u00e7a da Vila Ideal &#8211; Av, Francisco Valadares<br \/>\n08\/08 (ter\u00e7a-feira) \u2013 13h \u00e0s 17h<\/p>\n<p>Pra\u00e7a de Paula Lima &#8211; Pra\u00e7a Joaquim Fel\u00edcio Ribeiro<br \/>\n15\/08 (ter\u00e7a-feira) \u2013 13h \u00e0s 17h<\/p>\n<p>Pra\u00e7a Dom Bosco &#8211; Rua Araguari<br \/>\n19\/08 (s\u00e1bado) \u2013 10h30 \u00e0s 12h30<\/p>\n<p>A\u00e7\u00e3o conjunta com OAB Itinerante \u2013 Pra\u00e7a do bairro Grama<br \/>\n22\/08 (ter\u00e7a-feira) \u2013 13h \u00e0s 17h<\/p>\n<p>Pra\u00e7a Ipiranga &#8211; Av. Darcy vargas<br \/>\n29\/08 (ter\u00e7a-feira) \u2013 13h \u00e0s 17h<\/p>\n<p>UBS &#8211; Rua Dr. Ant\u00f4nio Mour\u00e3o Guimar\u00e3es- Santa Cruz<br \/>\nPara tirar d\u00favidas, entre em contato com os seguintes canais: (32) 3690-7610 e 3690-7611.<\/p>\n<p>Siga o Instagram: @proconjf<\/p>\n","protected":false},"excerpt":{"rendered":"<p>Segundo informa\u00e7\u00f5es do site da Prefeitura de Juiz de Fora (PJF), nesta ter\u00e7a-feira, 1\u00b0, a Ag\u00eancia de Prote\u00e7\u00e3o e Defesa do Consumidor (Procon) da Prefeitura de Juiz de Fora (PJF) promove atendimento\u00a0 na Pra\u00e7a da Vila Ideal, na Avenida Francisco Valadares, de 13h \u00e0s 17h.\u00a0 A iniciativa \u201cProcon Aqui\u201d \u00e9 desenvolvida pela Secretaria de Governo [&hellip;]<\/p>\n","protected":false},"author":246,"featured_media":216707,"comment_status":"closed","ping_status":"closed","sticky":false,"template":"","format":"standard","meta":{"footnotes":""},"categories":[253,436,439],"tags":[],"class_list":["post-216706","post","type-post","status-publish","format-standard","has-post-thumbnail","hentry","category-cidade","category-destaque-da-semana","category-ultima-hora"],"_links":{"self":[{"href":"https:\/\/diarioregionaldigital.com.br\/index.php?rest_route=\/wp\/v2\/posts\/216706","targetHints":{"allow":["GET"]}}],"collection":[{"href":"https:\/\/diarioregionaldigital.com.br\/index.php?rest_route=\/wp\/v2\/posts"}],"about":[{"href":"https:\/\/diarioregionaldigital.com.br\/index.php?rest_route=\/wp\/v2\/types\/post"}],"author":[{"embeddable":true,"href":"https:\/\/diarioregionaldigital.com.br\/index.php?rest_route=\/wp\/v2\/users\/246"}],"replies":[{"embeddable":true,"href":"https:\/\/diarioregionaldigital.com.br\/index.php?rest_route=%2Fwp%2Fv2%2Fcomments&post=216706"}],"version-history":[{"count":1,"href":"https:\/\/diarioregionaldigital.com.br\/index.php?rest_route=\/wp\/v2\/posts\/216706\/revisions"}],"predecessor-version":[{"id":216708,"href":"https:\/\/diarioregionaldigital.com.br\/index.php?rest_route=\/wp\/v2\/posts\/216706\/revisions\/216708"}],"wp:featuredmedia":[{"embeddable":true,"href":"https:\/\/diarioregionaldigital.com.br\/index.php?rest_route=\/wp\/v2\/media\/216707"}],"wp:attachment":[{"href":"https:\/\/diarioregionaldigital.com.br\/index.php?rest_route=%2Fwp%2Fv2%2Fmedia&parent=216706"}],"wp:term":[{"taxonomy":"category","embeddable":true,"href":"https:\/\/diarioregionaldigital.com.br\/index.php?rest_route=%2Fwp%2Fv2%2Fcategories&post=216706"},{"taxonomy":"post_tag","embeddable":true,"href":"https:\/\/diarioregionaldigital.com.br\/index.php?rest_route=%2Fwp%2Fv2%2Ftags&post=216706"}],"curies":[{"name":"wp","href":"https:\/\/api.w.org\/{rel}","templated":true}]}}