{"id":216703,"date":"2023-08-01T02:23:19","date_gmt":"2023-08-01T05:23:19","guid":{"rendered":"https:\/\/diarioregionaldigital.com.br\/?p=216703"},"modified":"2023-08-01T02:23:19","modified_gmt":"2023-08-01T05:23:19","slug":"prefeita-participa-de-cerimonia-de-sancao-da-lei-que-institui-o-programa-escola-em-tempo-integral","status":"publish","type":"post","link":"https:\/\/diarioregionaldigital.com.br\/?p=216703","title":{"rendered":"Prefeita participa de cerim\u00f4nia de san\u00e7\u00e3o da lei que institui o Programa Escola em Tempo Integral"},"content":{"rendered":"<p>Segundo informa\u00e7\u00f5es do site da Prefeitura de Juiz de Fora (PJF), a prefeita de Juiz de Fora, Margarida Salom\u00e3o, esteve em Bras\u00edlia na manh\u00e3 desta segunda-feira, 31, para participar da solenidade de san\u00e7\u00e3o da lei que institui o Programa Escola em Tempo Integral, assinada pelo presidente da Rep\u00fablica, Lu\u00eds In\u00e1cio Lula da Silva. O\u202fprograma\u202fvisa ampliar\u202fo n\u00famero de matr\u00edculas\u202fde tempo\u202fintegral\u202fnas escolas de educa\u00e7\u00e3o b\u00e1sica de todo o Brasil j\u00e1 nos anos de 2023 e 2024.<\/p>\n<p>Vice-presidente de Educa\u00e7\u00e3o da Frente Nacional de Prefeitos (FNP), Margarida comemorou a assinatura da lei pelo presidente Lula. \u201cN\u00f3s imaginamos que nos pr\u00f3ximos dois anos n\u00f3s tenhamos uma amplia\u00e7\u00e3o das matr\u00edculas em tempo integral em mais de 25%, alcan\u00e7ando 3,2 milh\u00f5es de pessoas a mais neste processo, que \u00e9 fundamental para que n\u00f3s tenhamos uma melhora na educa\u00e7\u00e3o. Esta \u00e9 uma forma para que n\u00f3s possamos oferecer inclus\u00e3o e, principalmente, combater a desigualdade na raiz, porque \u00e9 na escola que a desigualdade se perpetua. A educa\u00e7\u00e3o integral melhora as possibilidades que cada cidad\u00e3o brasileiro, cada cidad\u00e3o brasileira, possa, afinal de contas, ter o seu potencial contemplado\u201d.<\/p>\n<p>Margarida tamb\u00e9m apontou dois pontos de destaque na nova lei para o aprimoramento da educa\u00e7\u00e3o brasileira. \u201cUm \u00e9 a disponibilidade de amplia\u00e7\u00e3o do acesso \u00e0 internet na escola. Come\u00e7ou na \u00e9poca da pandemia, mas n\u00f3s ainda estamos muito atrasados.\u00a0 E uma outra coisa que eu achei extremamente auspiciosa: a Coordena\u00e7\u00e3o de Aperfei\u00e7oamento de Pessoal de N\u00edvel Superior (Capes) vai passar a oferecer bolsas n\u00e3o s\u00f3 para os alunos da universidade, mas tamb\u00e9m para os professores da educa\u00e7\u00e3o b\u00e1sica. Isso \u00e9 fundamental para o que n\u00f3s queremos na educa\u00e7\u00e3o integral com efici\u00eancia\u201d.<\/p>\n<p>Durante a cerim\u00f4nia de assinatura da san\u00e7\u00e3o, o presidente Lula destacou a necessidade de investimento na educa\u00e7\u00e3o para que o pa\u00eds possa avan\u00e7ar na dire\u00e7\u00e3o certa. \u201cNo Brasil sempre se demorou pra fazer as coisas no tempo certo. Sempre se utilizava o discurso de que tudo era gasto. N\u00f3s nunca nos perguntamos quanto nos custou n\u00e3o fazermos as coisas no passado, quanto custou n\u00e3o alfabetizar o pa\u00eds no come\u00e7o do s\u00e9culo passado. A educa\u00e7\u00e3o precisa ser enxergada por todos n\u00f3s como o mais importante investimento que pode ser feito em uma cidade, estado ou pa\u00eds. N\u00f3s precisamos recriar essa motiva\u00e7\u00e3o da crian\u00e7a ir para a escola por estar alegre, por aprender, por entrar em contato com as coisas novas\u201d.<\/p>\n<p>\u201c\u00c9 com a universaliza\u00e7\u00e3o do acesso \u00e0 educa\u00e7\u00e3o p\u00fablica e no aprimoramento da qualidade do ensino que erguemos as bases de uma sociedade mais consciente, mais justa e menos desigual, e \u00e9 com a educa\u00e7\u00e3o em tempo integral que avan\u00e7amos ainda mais em dire\u00e7\u00e3o ao pa\u00eds que precisamos construir. A escola p\u00fablica de qualidade \u00e9 o ponto de partida para que os filhos e filhas das fam\u00edlias mais carentes tenham as mesmas oportunidades que as crian\u00e7as e adolescentes das fam\u00edlias mais ricas. Oferecer as mesmas condi\u00e7\u00f5es de educa\u00e7\u00e3o aos estudantes das escolas p\u00fablicas e aos alunos das escolas privadas \u00e9 combater a desigualdade social na raiz\u201d, destacou o presidente. .<\/p>\n<p>O ministro da Educa\u00e7\u00e3o, Camilo Santana, ressaltou as possibilidades que o projeto pode ter para a educa\u00e7\u00e3o brasileira. \u201cA\u202fescola\u202fem\u202ftempo\u202fintegral\u202fn\u00e3o \u00e9 s\u00f3 para aumentar a carga hor\u00e1ria, mas acolher bem\u202fas pessoas, os alunos. \u00c9 para dar oportunidade e valorizar o professor.\u201d<\/p>\n<p><strong>Sobre o Programa Escola em Tempo Integral<\/strong><\/p>\n<p>Coordenado pela Secretaria de Educa\u00e7\u00e3o B\u00e1sica do Minist\u00e9rio da Educa\u00e7\u00e3o (MEC), o Programa Escola em Tempo Integral prev\u00ea um investimento de R$\u202f4\u202fbilh\u00f5es para que estados, munic\u00edpios e o Distrito Federal possam expandir a oferta de jornada em tempo integral em\u202fsuas redes. Para al\u00e9m da aplica\u00e7\u00e3o financeira, ser\u00e3o realizadas tamb\u00e9m a\u00e7\u00f5es de assist\u00eancia t\u00e9cnica junto das secretarias e comunidades\u202fescolares, visando aprimorar o trabalho pedag\u00f3gico da educa\u00e7\u00e3o\u202fem\u202fuma perspectiva\u202fintegral.<\/p>\n<p>Segundo o\u00a0<a href=\"https:\/\/www.gov.br\/mec\/pt-br\/assuntos\/noticias\/2023\/julho\/governo-institui-programa-escola-em-tempo-integral\"><strong>Governo Federal<\/strong><\/a>, \u201co programa considera, al\u00e9m do tempo e de sua amplia\u00e7\u00e3o, o uso dos espa\u00e7os dentro e fora da\u202fescola,\u202fos diferentes saberes que comp\u00f5em\u202fo curr\u00edculo\u202fescolar, a articula\u00e7\u00e3o com os campos da sa\u00fade, cultura, esporte, ci\u00eancia e tecnologia, meio ambiente e direitos humanos, entre outras estrat\u00e9gias para melhorar as condi\u00e7\u00f5es de aprendizagem\u202fe desenvolvimento dos estudantes\u201d.<\/p>\n","protected":false},"excerpt":{"rendered":"<p>Segundo informa\u00e7\u00f5es do site da Prefeitura de Juiz de Fora (PJF), a prefeita de Juiz de Fora, Margarida Salom\u00e3o, esteve em Bras\u00edlia na manh\u00e3 desta segunda-feira, 31, para participar da solenidade de san\u00e7\u00e3o da lei que institui o Programa Escola em Tempo Integral, assinada pelo presidente da Rep\u00fablica, Lu\u00eds In\u00e1cio Lula da Silva. O\u202fprograma\u202fvisa ampliar\u202fo [&hellip;]<\/p>\n","protected":false},"author":246,"featured_media":216704,"comment_status":"closed","ping_status":"closed","sticky":false,"template":"","format":"standard","meta":{"footnotes":""},"categories":[253,436,440,439],"tags":[],"class_list":["post-216703","post","type-post","status-publish","format-standard","has-post-thumbnail","hentry","category-cidade","category-destaque-da-semana","category-destaques-do-dia","category-ultima-hora"],"_links":{"self":[{"href":"https:\/\/diarioregionaldigital.com.br\/index.php?rest_route=\/wp\/v2\/posts\/216703","targetHints":{"allow":["GET"]}}],"collection":[{"href":"https:\/\/diarioregionaldigital.com.br\/index.php?rest_route=\/wp\/v2\/posts"}],"about":[{"href":"https:\/\/diarioregionaldigital.com.br\/index.php?rest_route=\/wp\/v2\/types\/post"}],"author":[{"embeddable":true,"href":"https:\/\/diarioregionaldigital.com.br\/index.php?rest_route=\/wp\/v2\/users\/246"}],"replies":[{"embeddable":true,"href":"https:\/\/diarioregionaldigital.com.br\/index.php?rest_route=%2Fwp%2Fv2%2Fcomments&post=216703"}],"version-history":[{"count":1,"href":"https:\/\/diarioregionaldigital.com.br\/index.php?rest_route=\/wp\/v2\/posts\/216703\/revisions"}],"predecessor-version":[{"id":216705,"href":"https:\/\/diarioregionaldigital.com.br\/index.php?rest_route=\/wp\/v2\/posts\/216703\/revisions\/216705"}],"wp:featuredmedia":[{"embeddable":true,"href":"https:\/\/diarioregionaldigital.com.br\/index.php?rest_route=\/wp\/v2\/media\/216704"}],"wp:attachment":[{"href":"https:\/\/diarioregionaldigital.com.br\/index.php?rest_route=%2Fwp%2Fv2%2Fmedia&parent=216703"}],"wp:term":[{"taxonomy":"category","embeddable":true,"href":"https:\/\/diarioregionaldigital.com.br\/index.php?rest_route=%2Fwp%2Fv2%2Fcategories&post=216703"},{"taxonomy":"post_tag","embeddable":true,"href":"https:\/\/diarioregionaldigital.com.br\/index.php?rest_route=%2Fwp%2Fv2%2Ftags&post=216703"}],"curies":[{"name":"wp","href":"https:\/\/api.w.org\/{rel}","templated":true}]}}