{"id":216697,"date":"2023-08-01T02:07:26","date_gmt":"2023-08-01T05:07:26","guid":{"rendered":"https:\/\/diarioregionaldigital.com.br\/?p=216697"},"modified":"2023-08-01T02:07:26","modified_gmt":"2023-08-01T05:07:26","slug":"australia-atropela-elimina-canada-e-passa-em-1o-no-grupo-b-da-copa","status":"publish","type":"post","link":"https:\/\/diarioregionaldigital.com.br\/?p=216697","title":{"rendered":"Austr\u00e1lia atropela, elimina Canad\u00e1 e passa em 1\u00ba no grupo B da Copa"},"content":{"rendered":"<p>A atmosfera na cidade australiana de\u00a0Melbourne\u00a0antes da rodada decisiva do grupo B da Copa do Mundo era tensa. Afinal, Austr\u00e1lia e Canad\u00e1, tidas como\u00a0favoritas a avan\u00e7ar na chave antes do in\u00edcio da competi\u00e7\u00e3o, basicamente lutavam uma contra a outra\u00a0por uma das vagas. No entanto, o que se desenhava como um duelo equilibrado virou um passeio que terminou com goleada por 4 a 0 das\u00a0 Matildas (apelido da sele\u00e7\u00e3o australiana), que se classificou em primeiro lugar, com seis pontos. O Canad\u00e1, campe\u00e3o ol\u00edmpico dois anos atr\u00e1s nos Jogos de T\u00f3quio, se despede ainda na primeira fase, com quatro. A Nig\u00e9ria, com cinco pontos, garantiu\u00a0a segunda vaga da chave.<img decoding=\"async\" src=\"https:\/\/agenciabrasil.ebc.com.br\/ebc.png?id=1546370&amp;o=node\" \/><img decoding=\"async\" src=\"https:\/\/agenciabrasil.ebc.com.br\/ebc.gif?id=1546370&amp;o=node\" \/><\/p>\n<p>A Austr\u00e1lia mostrou que estava disposta a n\u00e3o deixar d\u00favidas da classifica\u00e7\u00e3o desde o in\u00edcio. As Matildas entraram em campo na terceira posi\u00e7\u00e3o, precisando da vit\u00f3ria e abriram caminho para o triunfo logo aos dez minutos de jogo. Ap\u00f3s longo lan\u00e7amento pela esquerda, a bola atravessou a \u00e1rea canadense e chegou a Hayley Raso pela direita. Ela ajeitou o corpo e chutou cruzado para bater a goleira Sheridan. O VAR revisou a possibilidade de impedimento no come\u00e7o da jogada, mas confirmou o gol.<\/p>\n<p>Com a situa\u00e7\u00e3o invertida e o Canad\u00e1 precisando do gol, a equipe passou a ter a bola, mas de forma ineficiente. A Austr\u00e1lia esperava pela oportunidade e era mais perigosa. Chegou a marcar com Mary Fowler, mas novamente o \u00e1rbitro de v\u00eddeo entrou em a\u00e7\u00e3o e desta vez anulou o gol. No entanto, aos 39, n\u00e3o teve jeito: ap\u00f3s escanteio pela esquerda, Sheridan saiu mal e Raso completou para as redes, marcando o segundo dela.<\/p>\n<p>Na volta para a segunda etapa, nada pareceu mudar. Canad\u00e1 com a bola, Austr\u00e1lia com o perigo. Logo aos 13, ap\u00f3s jogada pela esquerda, a bola ficou com Fowler debaixo do gol, sem goleira. Ela completou de forma desajeitada e acertou a trave, mas a bola acabou cruzando a linha de forma suave.<\/p>\n<p>Desnorteada, a sele\u00e7\u00e3o canadense quase sofreu o quarto em lance em que Fowler finalizou na trave esquerda. O placar foi sacramentado nos acr\u00e9scimos. Gorry sofreu p\u00eanalti praticamente na linha da grande \u00e1rea. Catley cobrou e deu n\u00fameros finais ao passeio australiano: 4 a 0.<\/p>\n<p>As co-anfitri\u00e3s da Copa, diferentemente da Nova Zel\u00e2ndia, avan\u00e7am \u00e0s oitavas, onde t\u00eam encontro marcado na segunda (7) com a sele\u00e7\u00e3o que terminar em segundo lugar no grupo D, em Sydney.<\/p>\n<h2>Nig\u00e9ria avan\u00e7a com empate sem gols<\/h2>\n<p>A sele\u00e7\u00e3o nigeriana, que conquistou a segunda vaga do grupo B ao empatar em 0 a 0 com a j\u00e1 eliminada Irlanda, em Brisbane, somaram\u00a0cinco pontos e terminou a primeira fase invicta. O duelo nas oitavas &#8211; contra a futura primeira colocada do grupo D &#8211; ser\u00e1 tamb\u00e9m no dia 7, mais uma vez em Brisbane.<\/p>\n<p>O grupo D, com Inglaterra, Dinamarca, China e Haiti, chega \u00e0 \u00faltima rodada, nesta ter\u00e7a (1), ainda sem nenhuma sele\u00e7\u00e3o j\u00e1 classificada ou eliminada.<\/p>\n<p><span style=\"font-weight: 400;\">Fonte: Ag\u00eancia Brasil <\/span><\/p>\n","protected":false},"excerpt":{"rendered":"<p>A atmosfera na cidade australiana de\u00a0Melbourne\u00a0antes da rodada decisiva do grupo B da Copa do Mundo era tensa. Afinal, Austr\u00e1lia e Canad\u00e1, tidas como\u00a0favoritas a avan\u00e7ar na chave antes do in\u00edcio da competi\u00e7\u00e3o, basicamente lutavam uma contra a outra\u00a0por uma das vagas. No entanto, o que se desenhava como um duelo equilibrado virou um passeio [&hellip;]<\/p>\n","protected":false},"author":246,"featured_media":216698,"comment_status":"closed","ping_status":"closed","sticky":false,"template":"","format":"standard","meta":{"footnotes":""},"categories":[436,257,439],"tags":[],"class_list":["post-216697","post","type-post","status-publish","format-standard","has-post-thumbnail","hentry","category-destaque-da-semana","category-esporte","category-ultima-hora"],"_links":{"self":[{"href":"https:\/\/diarioregionaldigital.com.br\/index.php?rest_route=\/wp\/v2\/posts\/216697","targetHints":{"allow":["GET"]}}],"collection":[{"href":"https:\/\/diarioregionaldigital.com.br\/index.php?rest_route=\/wp\/v2\/posts"}],"about":[{"href":"https:\/\/diarioregionaldigital.com.br\/index.php?rest_route=\/wp\/v2\/types\/post"}],"author":[{"embeddable":true,"href":"https:\/\/diarioregionaldigital.com.br\/index.php?rest_route=\/wp\/v2\/users\/246"}],"replies":[{"embeddable":true,"href":"https:\/\/diarioregionaldigital.com.br\/index.php?rest_route=%2Fwp%2Fv2%2Fcomments&post=216697"}],"version-history":[{"count":1,"href":"https:\/\/diarioregionaldigital.com.br\/index.php?rest_route=\/wp\/v2\/posts\/216697\/revisions"}],"predecessor-version":[{"id":216699,"href":"https:\/\/diarioregionaldigital.com.br\/index.php?rest_route=\/wp\/v2\/posts\/216697\/revisions\/216699"}],"wp:featuredmedia":[{"embeddable":true,"href":"https:\/\/diarioregionaldigital.com.br\/index.php?rest_route=\/wp\/v2\/media\/216698"}],"wp:attachment":[{"href":"https:\/\/diarioregionaldigital.com.br\/index.php?rest_route=%2Fwp%2Fv2%2Fmedia&parent=216697"}],"wp:term":[{"taxonomy":"category","embeddable":true,"href":"https:\/\/diarioregionaldigital.com.br\/index.php?rest_route=%2Fwp%2Fv2%2Fcategories&post=216697"},{"taxonomy":"post_tag","embeddable":true,"href":"https:\/\/diarioregionaldigital.com.br\/index.php?rest_route=%2Fwp%2Fv2%2Ftags&post=216697"}],"curies":[{"name":"wp","href":"https:\/\/api.w.org\/{rel}","templated":true}]}}