{"id":216691,"date":"2023-08-01T02:01:42","date_gmt":"2023-08-01T05:01:42","guid":{"rendered":"https:\/\/diarioregionaldigital.com.br\/?p=216691"},"modified":"2023-08-01T02:01:42","modified_gmt":"2023-08-01T05:01:42","slug":"natacao-carol-santiago-e-ouro-o-1o-do-brasil-no-mundial-paralimpico","status":"publish","type":"post","link":"https:\/\/diarioregionaldigital.com.br\/?p=216691","title":{"rendered":"Nata\u00e7\u00e3o: Carol Santiago \u00e9 ouro, o 1\u00ba do Brasil no Mundial Paral\u00edmpico"},"content":{"rendered":"<p><!--more-->O Brasil subiu ao p\u00f3dio cinco vezes nesta segunda-feira (31), primeiro dia do Campeonato Mundial de nata\u00e7\u00e3o paral\u00edmpica, em Manchester (Inglaterra). A pernambucana Carol Santiago faturou o primeiro ouro para ao pa\u00eds ao vencer a prova dos 100 metros costas, na classe S12 (baixa vis\u00e3o). A brasileira deixou para tr\u00e1s a australiana Jenna Jones, prata (1min12s27), e pela espanhola Maria Delgado (1min12s65).<img decoding=\"async\" src=\"https:\/\/agenciabrasil.ebc.com.br\/ebc.png?id=1546557&amp;o=node\" \/><img decoding=\"async\" src=\"https:\/\/agenciabrasil.ebc.com.br\/ebc.gif?id=1546557&amp;o=node\" \/><\/p>\n<blockquote><p>\u201cEstou muito emocionada. Nem sei muito o que pensar. Estava na expectativa para nadar logo, mas as provas estavam atrasadas. Ainda bem que deu tudo certo. A gente s\u00f3 come\u00e7ou a competi\u00e7\u00e3o. O programa \u00e9 grande. Amanh\u00e3 tem mais. Agora, eu preciso me organizar e baixar a euforia para nadar novamente\u201d, comemorou Carol, em depoimento ao Comit\u00ea Paral\u00edmpico Brasileiro (CPB).<\/p><\/blockquote>\n<p>Os quatro bronzes foram conquistados por Cec\u00edlia Ara\u00fajo, classe S8 (limita\u00e7\u00e3o f\u00edsico-motora) nos 400m livre; Samuel Oliveira, classe \u00a0S5 (comprometimento f\u00edsico-motor), nos 50m livre; Douglas Matera, classe S12, nos 100m costas; e Phelipe Rodrigues, classe S10 (limita\u00e7\u00e3o f\u00edsico-motora), nos 50m livre.<\/p>\n<p>A edi\u00e7\u00e3o deste ano vai at\u00e9 o pr\u00f3ximo domingo (6 de agosto), com\u00a0<a href=\"https:\/\/www.youtube.com\/channel\/UCi8n36NkW2uCQSFZNiYtuMQ\"><strong>transmiss\u00e3o ao vivo<\/strong><\/a>\u00a0na conta do Comit\u00ea Ol\u00edmpico Internacional (Paralympic Games) no YouTube. As provas no Mundial ocorrem em dois per\u00edodos: as eliminat\u00f3rias s\u00e3o disputadas de madrugada (no hor\u00e1rio de Bras\u00edlia), e as finais no turno da tarde.<\/p>\n<p>A competi\u00e7\u00e3o come\u00e7ou hoje (31) com 538 atletas de 67 pa\u00edses, entre esses est\u00e3o 29 nadadores brasileiros (15 mulheres e 14 homens). A maioria da delega\u00e7\u00e3o nacional &#8211; 19 nadadores &#8211; t\u00eam\u00a0comprometimentos f\u00edsico-motores, cinco atletas t\u00eam\u00a0defici\u00eancia visual, e os outros cinco se enquadram nas classes de\u00a0defici\u00eancia intelectual.<\/p>\n<h2>Disputas\u00a0nesta ter\u00e7a-feira (1\u00ba) &#8211; hor\u00e1rio de Bras\u00edlia<\/h2>\n<p><strong>100m livre S4 \u2013 13h56 \u2013 final direta<\/strong><br \/>\nL\u00eddia Cruz<\/p>\n<p><strong>50m costas S5 masculino \u2013 5h06 ou 5h08 \u2013 eliminat\u00f3rias<\/strong><br \/>\nSamuel de Oliveira<\/p>\n<p><strong>50m costas S5 feminino \u2013\u00a05h11 ou 5h14\u00a0\u2013 eliminat\u00f3rias<\/strong><br \/>\nEsthefany Rodrigues<\/p>\n<p><strong>150m medley SM3 \u2013 14h56 \u00a0\u2013 final direta<\/strong><br \/>\nSusana Schnarndorf<\/p>\n<p><strong>100m livre S6 masculino \u2013 5h33 ou 5h36 \u2013 eliminat\u00f3rias<\/strong><br \/>\nDaniel Mendes<br \/>\nGabriel Melone<br \/>\nTalisson Glock<\/p>\n<p><strong>100m livre S6 feminino \u2013 5h40 ou 5h43 \u2013 eliminat\u00f3rias<\/strong><br \/>\nLaila Suzigan<\/p>\n<p><strong>200m medley SM9 \u2013 5h47 ou 5h51 \u2013 eliminat\u00f3rias<\/strong><br \/>\nRuan Souza<\/p>\n<p><strong>100m borboleta S12 masculino \u2013 6h15 ou 6h18 \u2013 eliminat\u00f3rias<\/strong><br \/>\nDouglas Matera<\/p>\n<p><strong>100m borboleta S12 feminino \u2013\u00a015h43\u00a0\u2013 final direta<\/strong><br \/>\nCarol Santiago<br \/>\nLucilene Sousa<\/p>\n<p><strong>100m costas S14 masculino \u2013 \u00a06h22 ou 6h25\u00a0\u2013 eliminat\u00f3rias<\/strong><br \/>\nGabriel Bandeira<\/p>\n<p><strong>100m costas S14 feminino \u2013\u00a06h29 ou 6h32 \u00a0\u2013 eliminat\u00f3rias<\/strong><br \/>\nAna Karolina Soares<\/p>\n<p><strong>100m peito SB13 \u2013 \u00a06h36 ou 6h39\u00a0\u2013 eliminat\u00f3rias<\/strong><br \/>\nGuilherme Batista<\/p>\n<p><strong>Revezamento misto 4\u00d750 \u2013 20 pontos \u2013 16h30 &#8211; \u00a0final direta<\/p>\n<p><\/strong><span style=\"font-weight: 400;\">Fonte: Ag\u00eancia Brasil <\/span><\/p>\n","protected":false},"excerpt":{"rendered":"O Brasil subiu ao p\u00f3dio cinco vezes nesta segunda-feira (31), primeiro dia do Campeonato Mundial de nata\u00e7\u00e3o paral\u00edmpica, em Manchester (Inglaterra). A pernambucana Carol Santiago faturou o primeiro ouro para ao pa\u00eds ao vencer a prova dos 100 metros costas, na classe S12 (baixa vis\u00e3o). A brasileira deixou para tr\u00e1s a australiana Jenna Jones, prata [...]","protected":false},"author":246,"featured_media":216692,"comment_status":"closed","ping_status":"closed","sticky":false,"template":"","format":"standard","meta":{"footnotes":""},"categories":[436,440,257,439],"tags":[],"class_list":["post-216691","post","type-post","status-publish","format-standard","has-post-thumbnail","hentry","category-destaque-da-semana","category-destaques-do-dia","category-esporte","category-ultima-hora"],"_links":{"self":[{"href":"https:\/\/diarioregionaldigital.com.br\/index.php?rest_route=\/wp\/v2\/posts\/216691","targetHints":{"allow":["GET"]}}],"collection":[{"href":"https:\/\/diarioregionaldigital.com.br\/index.php?rest_route=\/wp\/v2\/posts"}],"about":[{"href":"https:\/\/diarioregionaldigital.com.br\/index.php?rest_route=\/wp\/v2\/types\/post"}],"author":[{"embeddable":true,"href":"https:\/\/diarioregionaldigital.com.br\/index.php?rest_route=\/wp\/v2\/users\/246"}],"replies":[{"embeddable":true,"href":"https:\/\/diarioregionaldigital.com.br\/index.php?rest_route=%2Fwp%2Fv2%2Fcomments&post=216691"}],"version-history":[{"count":1,"href":"https:\/\/diarioregionaldigital.com.br\/index.php?rest_route=\/wp\/v2\/posts\/216691\/revisions"}],"predecessor-version":[{"id":216693,"href":"https:\/\/diarioregionaldigital.com.br\/index.php?rest_route=\/wp\/v2\/posts\/216691\/revisions\/216693"}],"wp:featuredmedia":[{"embeddable":true,"href":"https:\/\/diarioregionaldigital.com.br\/index.php?rest_route=\/wp\/v2\/media\/216692"}],"wp:attachment":[{"href":"https:\/\/diarioregionaldigital.com.br\/index.php?rest_route=%2Fwp%2Fv2%2Fmedia&parent=216691"}],"wp:term":[{"taxonomy":"category","embeddable":true,"href":"https:\/\/diarioregionaldigital.com.br\/index.php?rest_route=%2Fwp%2Fv2%2Fcategories&post=216691"},{"taxonomy":"post_tag","embeddable":true,"href":"https:\/\/diarioregionaldigital.com.br\/index.php?rest_route=%2Fwp%2Fv2%2Ftags&post=216691"}],"curies":[{"name":"wp","href":"https:\/\/api.w.org\/{rel}","templated":true}]}}