{"id":216682,"date":"2023-08-01T01:43:05","date_gmt":"2023-08-01T04:43:05","guid":{"rendered":"https:\/\/diarioregionaldigital.com.br\/?p=216682"},"modified":"2023-08-01T01:43:05","modified_gmt":"2023-08-01T04:43:05","slug":"justica-mantem-proibicao-de-equipamentos-de-bronzeamento-artificial","status":"publish","type":"post","link":"https:\/\/diarioregionaldigital.com.br\/?p=216682","title":{"rendered":"Justi\u00e7a mant\u00e9m proibi\u00e7\u00e3o de equipamentos de bronzeamento artificial"},"content":{"rendered":"<p>A Justi\u00e7a Federal decidiu manter a validade da resolu\u00e7\u00e3o da Ag\u00eancia Nacional de Vigil\u00e2ncia Sanit\u00e1ria (Anvisa) que pro\u00edbe\u00a0o uso de equipamentos de bronzeamento artificial para finalidade est\u00e9tica.\u00a0\u00a0<img decoding=\"async\" src=\"https:\/\/agenciabrasil.ebc.com.br\/ebc.png?id=1546502&amp;o=node\" \/><img decoding=\"async\" src=\"https:\/\/agenciabrasil.ebc.com.br\/ebc.gif?id=1546502&amp;o=node\" \/><\/p>\n<p>A decis\u00e3o foi proferida na quinta-feira (25) e divulgada nesta segunda-feira\u00a0pela Advocacia-Geral da Uni\u00e3o (AGU), \u00f3rg\u00e3o que atuou no processo para defender a legalidade da norma,\u00a0em vigor desde\u00a02009.<\/p>\n<p>O caso foi julgado pela Se\u00e7\u00e3o Judici\u00e1ria de Tubar\u00e3o (SC). A ju\u00edza respons\u00e1vel pelo caso negou recurso de um empres\u00e1rio para derrubar a efic\u00e1cia da resolu\u00e7\u00e3o da Anvisa.<\/p>\n<p>O empreendedor pretendia ser beneficiado por uma das in\u00fameras decis\u00f5es coletivas que suspenderam a norma sanit\u00e1ria e autorizaram cl\u00ednicas de est\u00e9tica a oferecerem servi\u00e7os de bronzeamento.<\/p>\n<p>De acordo com a magistrada Ana L\u00eddia Monteiro, a libera\u00e7\u00e3o do bronzeamento artificial ocorreu apenas para as partes &#8211; empresas e pessoas f\u00edsicas &#8211; de um processo coletivo que tramitou em S\u00e3o Paulo, n\u00e3o podendo ser aplicado em outra localidade, no caso, o munic\u00edpio de Tubar\u00e3o.<\/p>\n<h2>Riscos<\/h2>\n<p>Na manifesta\u00e7\u00e3o protocolada no processo, a AGU defendeu o poder da Anvisa para restringir servi\u00e7os que possam\u00a0causar\u00a0riscos \u00e0 sa\u00fade da popula\u00e7\u00e3o.<\/p>\n<p>Em 2009, a Resolu\u00e7\u00e3o 56 da Anvisa proibiu o uso de equipamentos de bronzeamento artificial. Conforme a norma, n\u00e3o h\u00e1 como determinar n\u00edvel seguro de exposi\u00e7\u00e3o aos raios ultravioletas, que podem causar c\u00e2ncer de pele.<\/p>\n<p><span style=\"font-weight: 400;\">Fonte: Ag\u00eancia Brasil <\/span><\/p>\n","protected":false},"excerpt":{"rendered":"<p>A Justi\u00e7a Federal decidiu manter a validade da resolu\u00e7\u00e3o da Ag\u00eancia Nacional de Vigil\u00e2ncia Sanit\u00e1ria (Anvisa) que pro\u00edbe\u00a0o uso de equipamentos de bronzeamento artificial para finalidade est\u00e9tica.\u00a0\u00a0 A decis\u00e3o foi proferida na quinta-feira (25) e divulgada nesta segunda-feira\u00a0pela Advocacia-Geral da Uni\u00e3o (AGU), \u00f3rg\u00e3o que atuou no processo para defender a legalidade da norma,\u00a0em vigor desde\u00a02009. [&hellip;]<\/p>\n","protected":false},"author":246,"featured_media":216683,"comment_status":"closed","ping_status":"closed","sticky":false,"template":"","format":"standard","meta":{"footnotes":""},"categories":[436,254,439],"tags":[],"class_list":["post-216682","post","type-post","status-publish","format-standard","has-post-thumbnail","hentry","category-destaque-da-semana","category-politica","category-ultima-hora"],"_links":{"self":[{"href":"https:\/\/diarioregionaldigital.com.br\/index.php?rest_route=\/wp\/v2\/posts\/216682","targetHints":{"allow":["GET"]}}],"collection":[{"href":"https:\/\/diarioregionaldigital.com.br\/index.php?rest_route=\/wp\/v2\/posts"}],"about":[{"href":"https:\/\/diarioregionaldigital.com.br\/index.php?rest_route=\/wp\/v2\/types\/post"}],"author":[{"embeddable":true,"href":"https:\/\/diarioregionaldigital.com.br\/index.php?rest_route=\/wp\/v2\/users\/246"}],"replies":[{"embeddable":true,"href":"https:\/\/diarioregionaldigital.com.br\/index.php?rest_route=%2Fwp%2Fv2%2Fcomments&post=216682"}],"version-history":[{"count":1,"href":"https:\/\/diarioregionaldigital.com.br\/index.php?rest_route=\/wp\/v2\/posts\/216682\/revisions"}],"predecessor-version":[{"id":216684,"href":"https:\/\/diarioregionaldigital.com.br\/index.php?rest_route=\/wp\/v2\/posts\/216682\/revisions\/216684"}],"wp:featuredmedia":[{"embeddable":true,"href":"https:\/\/diarioregionaldigital.com.br\/index.php?rest_route=\/wp\/v2\/media\/216683"}],"wp:attachment":[{"href":"https:\/\/diarioregionaldigital.com.br\/index.php?rest_route=%2Fwp%2Fv2%2Fmedia&parent=216682"}],"wp:term":[{"taxonomy":"category","embeddable":true,"href":"https:\/\/diarioregionaldigital.com.br\/index.php?rest_route=%2Fwp%2Fv2%2Fcategories&post=216682"},{"taxonomy":"post_tag","embeddable":true,"href":"https:\/\/diarioregionaldigital.com.br\/index.php?rest_route=%2Fwp%2Fv2%2Ftags&post=216682"}],"curies":[{"name":"wp","href":"https:\/\/api.w.org\/{rel}","templated":true}]}}