{"id":216679,"date":"2023-08-01T01:41:21","date_gmt":"2023-08-01T04:41:21","guid":{"rendered":"https:\/\/diarioregionaldigital.com.br\/?p=216679"},"modified":"2023-08-01T01:41:21","modified_gmt":"2023-08-01T04:41:21","slug":"rosa-weber-envia-a-pgr-representacao-contra-deputado-ze-trovao","status":"publish","type":"post","link":"https:\/\/diarioregionaldigital.com.br\/?p=216679","title":{"rendered":"Rosa Weber envia \u00e0 PGR representa\u00e7\u00e3o contra deputado Z\u00e9 Trov\u00e3o"},"content":{"rendered":"<p>A presidente do Supremo Tribunal Federal (STF), ministra Rosa Weber, enviou hoje (31) \u00e0 Procuradoria-Geral da Rep\u00fablica (PGR) uma representa\u00e7\u00e3o protocolada contra o deputado federal Marcos Ant\u00f4nio Pereira Gomes, conhecido como Z\u00e9 Trov\u00e3o (PL-SC).<img decoding=\"async\" src=\"https:\/\/agenciabrasil.ebc.com.br\/ebc.png?id=1546525&amp;o=node\" \/><img decoding=\"async\" src=\"https:\/\/agenciabrasil.ebc.com.br\/ebc.gif?id=1546525&amp;o=node\" \/><\/p>\n<p>A peti\u00e7\u00e3o foi encaminhada para que a procuradoria se manifeste sobre a representa\u00e7\u00e3o na qual o l\u00edder do PT na C\u00e2mara,\u00a0deputado Zeca Dirceu (PR),\u00a0acusa Z\u00e9 Trov\u00e3o de usar as redes sociais para cometer \u201cviol\u00eancia pol\u00edtica\u201d e &#8220;intoler\u00e2ncia democr\u00e1tica\u201d contra o presidente Luiz In\u00e1cio Lula da Silva.<\/p>\n<p>Para o l\u00edder, a PGR deve apurar a conduta de Z\u00e9 Trov\u00e3o por declara\u00e7\u00f5es recentes postadas em um v\u00eddeo nas redes sociais. Na publica\u00e7\u00e3o, ele se referiu a Lula como \u201c bandido&#8221; e \u201cladr\u00e3o\u201d, al\u00e9m de declarar que \u201cbandido bom \u00e9 bandido na cadeia ou no caix\u00e3o\u201d.<\/p>\n<p>O caso foi decidido pela presidente do STF em fun\u00e7\u00e3o do per\u00edodo de recesso na Corte. A partir de amanh\u00e3 (1\u00b0), com o retorno aos trabalhos, o processo ser\u00e1 enviado ao relator, ministro Dias Toffoli.<\/p>\n<p>Em nota \u00e0\u00a0<strong>Ag\u00eancia Brasil<\/strong>, a assessoria de Z\u00e9 Trov\u00e3o declarou que o deputado n\u00e3o amea\u00e7ou Lula e disse que o PT tenta \u201ccensurar\u201d o parlamentar.<\/p>\n<p>\u201cO deputado Z\u00e9 Trov\u00e3o jamais proferiu amea\u00e7a contra a integridade f\u00edsica de Lula. Qualquer dedu\u00e7\u00e3o em contr\u00e1rio \u00e9 mera cria\u00e7\u00e3o de narrativa para induzir o cidad\u00e3o brasileiro a erro. O que est\u00e1 ocorrendo neste caso \u00e9 que o PT tenta, desesperadamente, usar o Poder Judici\u00e1rio para censurar as palavras do deputado. O papel de um parlamentar \u00e9 o de defender os interesses do povo que o elegeu, inclusive utilizando as vias democr\u00e1ticas poss\u00edveis para fazer oposi\u00e7\u00e3o ao presidente&#8221;, declarou a assessoria.<\/p>\n<p><span style=\"font-weight: 400;\">Fonte: Ag\u00eancia Brasil <\/span><\/p>\n","protected":false},"excerpt":{"rendered":"<p>A presidente do Supremo Tribunal Federal (STF), ministra Rosa Weber, enviou hoje (31) \u00e0 Procuradoria-Geral da Rep\u00fablica (PGR) uma representa\u00e7\u00e3o protocolada contra o deputado federal Marcos Ant\u00f4nio Pereira Gomes, conhecido como Z\u00e9 Trov\u00e3o (PL-SC). A peti\u00e7\u00e3o foi encaminhada para que a procuradoria se manifeste sobre a representa\u00e7\u00e3o na qual o l\u00edder do PT na C\u00e2mara,\u00a0deputado [&hellip;]<\/p>\n","protected":false},"author":246,"featured_media":216680,"comment_status":"closed","ping_status":"closed","sticky":false,"template":"","format":"standard","meta":{"footnotes":""},"categories":[436,440,254,439],"tags":[],"class_list":["post-216679","post","type-post","status-publish","format-standard","has-post-thumbnail","hentry","category-destaque-da-semana","category-destaques-do-dia","category-politica","category-ultima-hora"],"_links":{"self":[{"href":"https:\/\/diarioregionaldigital.com.br\/index.php?rest_route=\/wp\/v2\/posts\/216679","targetHints":{"allow":["GET"]}}],"collection":[{"href":"https:\/\/diarioregionaldigital.com.br\/index.php?rest_route=\/wp\/v2\/posts"}],"about":[{"href":"https:\/\/diarioregionaldigital.com.br\/index.php?rest_route=\/wp\/v2\/types\/post"}],"author":[{"embeddable":true,"href":"https:\/\/diarioregionaldigital.com.br\/index.php?rest_route=\/wp\/v2\/users\/246"}],"replies":[{"embeddable":true,"href":"https:\/\/diarioregionaldigital.com.br\/index.php?rest_route=%2Fwp%2Fv2%2Fcomments&post=216679"}],"version-history":[{"count":1,"href":"https:\/\/diarioregionaldigital.com.br\/index.php?rest_route=\/wp\/v2\/posts\/216679\/revisions"}],"predecessor-version":[{"id":216681,"href":"https:\/\/diarioregionaldigital.com.br\/index.php?rest_route=\/wp\/v2\/posts\/216679\/revisions\/216681"}],"wp:featuredmedia":[{"embeddable":true,"href":"https:\/\/diarioregionaldigital.com.br\/index.php?rest_route=\/wp\/v2\/media\/216680"}],"wp:attachment":[{"href":"https:\/\/diarioregionaldigital.com.br\/index.php?rest_route=%2Fwp%2Fv2%2Fmedia&parent=216679"}],"wp:term":[{"taxonomy":"category","embeddable":true,"href":"https:\/\/diarioregionaldigital.com.br\/index.php?rest_route=%2Fwp%2Fv2%2Fcategories&post=216679"},{"taxonomy":"post_tag","embeddable":true,"href":"https:\/\/diarioregionaldigital.com.br\/index.php?rest_route=%2Fwp%2Fv2%2Ftags&post=216679"}],"curies":[{"name":"wp","href":"https:\/\/api.w.org\/{rel}","templated":true}]}}