{"id":216673,"date":"2023-08-01T01:30:05","date_gmt":"2023-08-01T04:30:05","guid":{"rendered":"https:\/\/diarioregionaldigital.com.br\/?p=216673"},"modified":"2023-08-01T01:30:05","modified_gmt":"2023-08-01T04:30:05","slug":"programa-desenrola-renegocia-r-25-bilhoes-em-duas-semanas","status":"publish","type":"post","link":"https:\/\/diarioregionaldigital.com.br\/?p=216673","title":{"rendered":"Programa Desenrola renegocia R$ 2,5 bilh\u00f5es em duas semanas"},"content":{"rendered":"<p>A repactua\u00e7\u00e3o de d\u00edvidas por meio do Programa Emergencial de Renegocia\u00e7\u00e3o de D\u00edvidas de Pessoas F\u00edsicas Inadimplentes (Desenrola Brasil) ultrapassou R$ 2,5 bilh\u00f5es em volume financeiro, exclusivamente pela Faixa 2, com a renegocia\u00e7\u00e3o de mais de 400 mil contratos de d\u00edvidas. O balan\u00e7o foi apresentado nesta segunda-feira (31) pela Federa\u00e7\u00e3o Brasileira de Bancos (Febraban).<img decoding=\"async\" src=\"https:\/\/agenciabrasil.ebc.com.br\/ebc.png?id=1546503&amp;o=node\" \/><img decoding=\"async\" src=\"https:\/\/agenciabrasil.ebc.com.br\/ebc.gif?id=1546503&amp;o=node\" \/><\/p>\n<p>A Faixa 2 abrange as renegocia\u00e7\u00f5es de d\u00e9bitos com bancos para quem tem renda de at\u00e9 R$ 20 mil sem limite de valor de d\u00edvidas, o que permite o refinanciamento de im\u00f3veis e de ve\u00edculos, por exemplo. Os devedores poder\u00e3o acionar diretamente as institui\u00e7\u00f5es banc\u00e1rias para negoci\u00e1-las.<\/p>\n<p>Nesse mesmo per\u00edodo, cerca de 3,5 milh\u00f5es de registros de clientes que tinham d\u00edvidas banc\u00e1rias de at\u00e9 R$ 100 foram desnegativados por institui\u00e7\u00f5es financeiras. A d\u00edvida n\u00e3o \u00e9 perdoada, mas o devedor deixa de ficar com o nome sujo e pode contrair novos empr\u00e9stimos e fazer opera\u00e7\u00f5es como fechar contratos de aluguel.<\/p>\n<p>Segundo o Minist\u00e9rio da Fazenda, o Desenrola tem o potencial de beneficiar at\u00e9 70 milh\u00f5es de pessoas. As pol\u00edticas para ades\u00e3o s\u00e3o elaboradas pelas institui\u00e7\u00f5es\u00a0financeiras que aderirem ao programa. As condi\u00e7\u00f5es para renegocia\u00e7\u00e3o das d\u00edvidas, nessa etapa, ser\u00e3o diferenciadas e cabe a cada institui\u00e7\u00e3o financeira\u00a0defini-las.<\/p>\n<p>A ades\u00e3o ao programa vai at\u00e9 o dia 31 de dezembro.<\/p>\n<p><span style=\"font-weight: 400;\">Fonte: Ag\u00eancia Brasil\u00a0<\/span><span style=\"font-weight: 400;\"><br \/>\n<\/span><\/p>\n","protected":false},"excerpt":{"rendered":"<p>A repactua\u00e7\u00e3o de d\u00edvidas por meio do Programa Emergencial de Renegocia\u00e7\u00e3o de D\u00edvidas de Pessoas F\u00edsicas Inadimplentes (Desenrola Brasil) ultrapassou R$ 2,5 bilh\u00f5es em volume financeiro, exclusivamente pela Faixa 2, com a renegocia\u00e7\u00e3o de mais de 400 mil contratos de d\u00edvidas. O balan\u00e7o foi apresentado nesta segunda-feira (31) pela Federa\u00e7\u00e3o Brasileira de Bancos (Febraban). A [&hellip;]<\/p>\n","protected":false},"author":246,"featured_media":216674,"comment_status":"closed","ping_status":"closed","sticky":false,"template":"","format":"standard","meta":{"footnotes":""},"categories":[436,261,439],"tags":[],"class_list":["post-216673","post","type-post","status-publish","format-standard","has-post-thumbnail","hentry","category-destaque-da-semana","category-economia","category-ultima-hora"],"_links":{"self":[{"href":"https:\/\/diarioregionaldigital.com.br\/index.php?rest_route=\/wp\/v2\/posts\/216673","targetHints":{"allow":["GET"]}}],"collection":[{"href":"https:\/\/diarioregionaldigital.com.br\/index.php?rest_route=\/wp\/v2\/posts"}],"about":[{"href":"https:\/\/diarioregionaldigital.com.br\/index.php?rest_route=\/wp\/v2\/types\/post"}],"author":[{"embeddable":true,"href":"https:\/\/diarioregionaldigital.com.br\/index.php?rest_route=\/wp\/v2\/users\/246"}],"replies":[{"embeddable":true,"href":"https:\/\/diarioregionaldigital.com.br\/index.php?rest_route=%2Fwp%2Fv2%2Fcomments&post=216673"}],"version-history":[{"count":1,"href":"https:\/\/diarioregionaldigital.com.br\/index.php?rest_route=\/wp\/v2\/posts\/216673\/revisions"}],"predecessor-version":[{"id":216675,"href":"https:\/\/diarioregionaldigital.com.br\/index.php?rest_route=\/wp\/v2\/posts\/216673\/revisions\/216675"}],"wp:featuredmedia":[{"embeddable":true,"href":"https:\/\/diarioregionaldigital.com.br\/index.php?rest_route=\/wp\/v2\/media\/216674"}],"wp:attachment":[{"href":"https:\/\/diarioregionaldigital.com.br\/index.php?rest_route=%2Fwp%2Fv2%2Fmedia&parent=216673"}],"wp:term":[{"taxonomy":"category","embeddable":true,"href":"https:\/\/diarioregionaldigital.com.br\/index.php?rest_route=%2Fwp%2Fv2%2Fcategories&post=216673"},{"taxonomy":"post_tag","embeddable":true,"href":"https:\/\/diarioregionaldigital.com.br\/index.php?rest_route=%2Fwp%2Fv2%2Ftags&post=216673"}],"curies":[{"name":"wp","href":"https:\/\/api.w.org\/{rel}","templated":true}]}}