{"id":216670,"date":"2023-08-01T01:29:00","date_gmt":"2023-08-01T04:29:00","guid":{"rendered":"https:\/\/diarioregionaldigital.com.br\/?p=216670"},"modified":"2023-08-01T01:29:00","modified_gmt":"2023-08-01T04:29:00","slug":"tempo-de-liberacao-de-cargas-aereas-internacionais-caira-80","status":"publish","type":"post","link":"https:\/\/diarioregionaldigital.com.br\/?p=216670","title":{"rendered":"Tempo de libera\u00e7\u00e3o de cargas a\u00e9reas internacionais cair\u00e1 80%"},"content":{"rendered":"<p>Um novo sistema lan\u00e7ado nesta segunda-feira (31) deve reduzir em at\u00e9 80% o tempo de libera\u00e7\u00e3o de cargas a\u00e9reas internacionais\u00a0de cinco dias para um dia. Chamado CCT Importa\u00e7\u00e3o \u2013 Modal A\u00e9reo, o modelo ser\u00e1 adotado em todos os aeroportos internacionais na quarta-feira (2).<img decoding=\"async\" src=\"https:\/\/agenciabrasil.ebc.com.br\/ebc.png?id=1546528&amp;o=node\" \/><img decoding=\"async\" src=\"https:\/\/agenciabrasil.ebc.com.br\/ebc.gif?id=1546528&amp;o=node\" \/><\/p>\n<p>Elaborado pelos minist\u00e9rios da Fazenda; do Desenvolvimento, Ind\u00fastria, Com\u00e9rcio e Servi\u00e7os; e de Portos e Aeroportos, o novo modelo deve diminuir em 90% a interven\u00e7\u00e3o humana no fluxo de cargas. Com o investimento em computa\u00e7\u00e3o e intelig\u00eancia, a libera\u00e7\u00e3o das mercadorias deve ser acelerada.<\/p>\n<p>De acordo com estimativas da Receita Federal, a economia potencial das importa\u00e7\u00f5es a\u00e9reas pode alcan\u00e7ar R$ 10 bilh\u00f5es por ano com a redu\u00e7\u00e3o de exig\u00eancias burocr\u00e1ticas e alfandeg\u00e1rias. O c\u00e1lculo considera o volume de importa\u00e7\u00e3o do ano passado, que somou US$ 46,9 bilh\u00f5es. Antes de entrar em opera\u00e7\u00e3o em todo o pa\u00eds, o sistema foi testado num projeto piloto no Aeroporto de Vit\u00f3ria.<\/p>\n<p>\u201cH\u00e1 a proje\u00e7\u00e3o de que o novo sistema tamb\u00e9m permitir\u00e1 que os fluxos de cargas a\u00e9reas dobrem em at\u00e9 dois anos, atraindo investimentos externos e ampliando a arrecada\u00e7\u00e3o federal relativa \u00e0s importa\u00e7\u00f5es do modal a\u00e9reo, de R$ 19 bilh\u00f5es em 2022 para um novo patamar anual de R$ 38 bilh\u00f5es\u201d, informou em nota o Minist\u00e9rio da Fazenda.<\/p>\n<p>O novo modelo usar\u00e1 um n\u00famero maior de informa\u00e7\u00f5es informatizadas fornecidas com anteced\u00eancia pelos importadores, semelhante ao adotado na maioria dos pa\u00edses. Agora, a mercadoria chegar\u00e1 ao Brasil j\u00e1 com dados conhecidos pelo governo, o que acelera o tempo de libera\u00e7\u00e3o nas alf\u00e2ndegas. O controle aduaneiro ser\u00e1 feito com base no gerenciamento de risco, identificado pela intelig\u00eancia da Receita Federal.<\/p>\n<p>O Fisco esclareceu que o CCT Importa\u00e7\u00e3o \u2013 Modal A\u00e9reo valer\u00e1 apenas para as importa\u00e7\u00f5es de alto valor agregado, a maior parte das quais realizada pela ind\u00fastria. As compras do exterior por pessoas f\u00edsicas v\u00e3o ser fiscalizadas por outro programa do governo, que come\u00e7ar\u00e1 a entrar em vigor nesta ter\u00e7a-feira (1\u00ba).<\/p>\n<p>Alinhado \u00e0s diretrizes da Organiza\u00e7\u00e3o Mundial do Com\u00e9rcio (OMC) para o desembara\u00e7o alfandeg\u00e1rio, o novo sistema substituir\u00e1 o Sistema Integrado de Ger\u00eancia do Manifesto, do Tr\u00e2nsito e do Armazenamento (Mantra), em funcionamento h\u00e1 30 anos.<\/p>\n<h2>Competitividade<\/h2>\n<p>Presente no lan\u00e7amento do sistema, o ministro da Fazenda, Fernando Haddad, disse que o novo modelo impactar\u00e1 todo o com\u00e9rcio exterior brasileiro e poder\u00e1 baratear as mercadorias importadas aos consumidores. \u201cCada centavo conta hoje no com\u00e9rcio exterior\u201d, disse o ministro \u00e0 imprensa. Ele tamb\u00e9m ressaltou que a medida melhorar\u00e1 a competitividade do pa\u00eds e ajudar\u00e1 a atrair investimentos.<\/p>\n<div class=\"dnd-widget-wrapper context-cheio_8colunas type-image\">\n<div class=\"dnd-atom-rendered\">\n<div class=\"shadow overflow-hidden rounded-lg d-block zoom-on-hover-sm shadow-hover w-100\"><img decoding=\"async\" class=\"flex-fill img-cover\" title=\"Wilson Dias\/Ag\u00eancia Brasil\" src=\"https:\/\/imagens.ebc.com.br\/7IzRszZjKAUt9D4lVHM7Nm2v4hk=\/754x0\/smart\/https:\/\/agenciabrasil.ebc.com.br\/sites\/default\/files\/thumbnails\/image\/img_3717.jpg?itok=f5kIvq3p\" alt=\"Bras\u00edlia (DF), 31\/07\/2023 - O ministro da Fazenda, Fernando Haddad, participa do lan\u00e7amento do novo Sistema de Controle de Carga e Tr\u00e2nsito para o modal a\u00e9reo (CCT Importa\u00e7\u00e3o \u2013 A\u00e9reo). Foto: Wilson Dias\/Ag\u00eancia Brasil\" \/><\/div>\n<\/div>\n<div class=\"dnd-caption-wrapper\">\n<h6 class=\"meta\">Ministro da Fazenda, Fernando Haddad, participa do lan\u00e7amento do novo Sistema de Controle de Carga e Tr\u00e2nsito para o modal a\u00e9reo\u00a0&#8211;\u00a0<strong>Wilson Dias\/Ag\u00eancia Brasil<\/strong><\/h6>\n<\/div>\n<\/div>\n<p>\u201cPosso assegurar que n\u00e3o h\u00e1 qualquer pa\u00eds que tenha alguma coisa semelhante a essa. N\u00f3s estamos nos atualizando a um ponto que vamos estar na fronteira do que tem de melhor em termos log\u00edsticos do mundo\u201d, afirmou Haddad.<\/p>\n<p><span style=\"font-weight: 400;\">Fonte: Ag\u00eancia Brasil <\/span><\/p>\n","protected":false},"excerpt":{"rendered":"<p>Um novo sistema lan\u00e7ado nesta segunda-feira (31) deve reduzir em at\u00e9 80% o tempo de libera\u00e7\u00e3o de cargas a\u00e9reas internacionais\u00a0de cinco dias para um dia. Chamado CCT Importa\u00e7\u00e3o \u2013 Modal A\u00e9reo, o modelo ser\u00e1 adotado em todos os aeroportos internacionais na quarta-feira (2). Elaborado pelos minist\u00e9rios da Fazenda; do Desenvolvimento, Ind\u00fastria, Com\u00e9rcio e Servi\u00e7os; e [&hellip;]<\/p>\n","protected":false},"author":246,"featured_media":216671,"comment_status":"closed","ping_status":"closed","sticky":false,"template":"","format":"standard","meta":{"footnotes":""},"categories":[436,261,439],"tags":[],"class_list":["post-216670","post","type-post","status-publish","format-standard","has-post-thumbnail","hentry","category-destaque-da-semana","category-economia","category-ultima-hora"],"_links":{"self":[{"href":"https:\/\/diarioregionaldigital.com.br\/index.php?rest_route=\/wp\/v2\/posts\/216670","targetHints":{"allow":["GET"]}}],"collection":[{"href":"https:\/\/diarioregionaldigital.com.br\/index.php?rest_route=\/wp\/v2\/posts"}],"about":[{"href":"https:\/\/diarioregionaldigital.com.br\/index.php?rest_route=\/wp\/v2\/types\/post"}],"author":[{"embeddable":true,"href":"https:\/\/diarioregionaldigital.com.br\/index.php?rest_route=\/wp\/v2\/users\/246"}],"replies":[{"embeddable":true,"href":"https:\/\/diarioregionaldigital.com.br\/index.php?rest_route=%2Fwp%2Fv2%2Fcomments&post=216670"}],"version-history":[{"count":1,"href":"https:\/\/diarioregionaldigital.com.br\/index.php?rest_route=\/wp\/v2\/posts\/216670\/revisions"}],"predecessor-version":[{"id":216672,"href":"https:\/\/diarioregionaldigital.com.br\/index.php?rest_route=\/wp\/v2\/posts\/216670\/revisions\/216672"}],"wp:featuredmedia":[{"embeddable":true,"href":"https:\/\/diarioregionaldigital.com.br\/index.php?rest_route=\/wp\/v2\/media\/216671"}],"wp:attachment":[{"href":"https:\/\/diarioregionaldigital.com.br\/index.php?rest_route=%2Fwp%2Fv2%2Fmedia&parent=216670"}],"wp:term":[{"taxonomy":"category","embeddable":true,"href":"https:\/\/diarioregionaldigital.com.br\/index.php?rest_route=%2Fwp%2Fv2%2Fcategories&post=216670"},{"taxonomy":"post_tag","embeddable":true,"href":"https:\/\/diarioregionaldigital.com.br\/index.php?rest_route=%2Fwp%2Fv2%2Ftags&post=216670"}],"curies":[{"name":"wp","href":"https:\/\/api.w.org\/{rel}","templated":true}]}}