{"id":216662,"date":"2023-07-13T06:00:48","date_gmt":"2023-07-13T09:00:48","guid":{"rendered":"https:\/\/diarioregionaldigital.com.br\/?p=216662"},"modified":"2023-07-29T06:22:55","modified_gmt":"2023-07-29T09:22:55","slug":"consideracoes-sobre-a-fe-parte-03","status":"publish","type":"post","link":"https:\/\/diarioregionaldigital.com.br\/?p=216662","title":{"rendered":"Considera\u00e7\u00f5es sobre a f\u00e9 &#8211; parte 03"},"content":{"rendered":"<p>Dando sequ\u00eancia \u00e0 s\u00e9rie de indaga\u00e7\u00f5es sobre a f\u00e9, eis a mensagem da semana: para que?<\/p>\n<p>Em nosso mundo, nas rela\u00e7\u00f5es que estabelecemos com as coisas e com as pessoas, se naturalizou a no\u00e7\u00e3o de que precisamos \u201cobter vantagens\u201d. Esse tra\u00e7o tipicamente humano se potencializou com o capitalismo e hoje vivemos sob o imp\u00e9rio do utilitarismo.<\/p>\n<p>N\u00e3o vou comentar sobre essa carater\u00edstica da nossa esp\u00e9cie\/cultura, triste ao meu ver, apenas quero real\u00e7ar que todos n\u00f3s somos influenciados pelo meio em que vivemos e que, por isso, aprendemos a sempre indagar antes de decidir: \u201cpara que me serve?\u201d Refletir acerca das utilidades tornou-se o fundamento para escolher aquilo que perseguimos ou aquilo que rejeitamos.<\/p>\n<p>A f\u00e9 tamb\u00e9m resiste a tal tipo de prova, pois possui algumas fun\u00e7\u00f5es pr\u00e1ticas relacionadas ao nosso bem-estar, tanto imediato quanto vindouro.<\/p>\n<p>Para ter uma no\u00e7\u00e3o de \u201cpara que serve a f\u00e9\u201d, leia atentamente duas passagens que seguem em destaque. A primeira \u00e9:<\/p>\n<p>\u201cPorque todo o que \u00e9 nascido de Deus vence o mundo; e esta \u00e9 a vit\u00f3ria que vence o mundo, a nossa f\u00e9\u201d (1 Jo\u00e3o 5: 4).<\/p>\n<p>A f\u00e9 \u00e9 a arma que dispomos para vencer as afli\u00e7\u00f5es que o mundo nos imp\u00f5e. Se observarmos detidamente veremos que n\u00e3o h\u00e1 diferen\u00e7a essencial entre nossa \u201cciviliza\u00e7\u00e3o\u201d e a selva, pois todo tempo estamos sob as mais diversas amea\u00e7as: perder o emprego, adoecer, ser atropelado, ser assaltado, levar um calote, faltar dinheiro, ser atingido por uma bala perdida, perder algu\u00e9m querido&#8230;<\/p>\n<p>N\u00e3o temos controle de nada disso, devemos vigiar para minimizar os riscos, por\u00e9m, estamos permanentemente \u00e0 merc\u00ea de que algo ruim nos aconte\u00e7a.<\/p>\n<p>Essa sensa\u00e7\u00e3o de risco permanente tem motivado a potencializa\u00e7\u00e3o dos tormentos mentais: afli\u00e7\u00e3o, ang\u00fastia, ansiedade, depress\u00e3o\u2026<\/p>\n<p>Em contrapartida, a f\u00e9 em um Deus supremo \u00e9 a chave para superar essas inquieta\u00e7\u00f5es. Pois se sei que Deus est\u00e1 comigo, que mal poder\u00e1 me atingir?<\/p>\n<p>\u201cQue diremos, pois, a estas coisas? Se Deus \u00e9 por n\u00f3s, quem ser\u00e1 contra n\u00f3s?\u201d (Romanos 8: 31).<\/p>\n<p>Existem tamb\u00e9m tormentos que t\u00eam origem espiritual, e a f\u00e9 \u00e9 a arma mais adequada para nos proteger dessa esp\u00e9cie de mal, pois est\u00e1 escrito:<\/p>\n<p>\u201cTomando sobretudo o escudo da f\u00e9, com o qual podereis apagar todos os dardos inflamados do maligno\u201d (Ef\u00e9sios 6: 16).<\/p>\n<p>Portanto, a primeira vantagem da f\u00e9 \u00e9 que ela nos<\/p>\n<p>proporciona a prote\u00e7\u00e3o do Todo Poderoso enquanto caminhamos por este mundo repleto de perigos:<\/p>\n<p>\u201cAQUELE que habita no esconderijo do Alt\u00edssimo, \u00e0 sombra do Onipotente descansar\u00e1\u201d (Salmos 91: 1).<\/p>\n<p>Esse tipo de \u201cvantagem\u201d, por\u00e9m, embora importante, \u00e9 passageira e s\u00f3 faz sentido se acompanhada de outra certeza. A segunda passagem em destaque aponta para a mais importante entre todas as vantagens obtidas pela f\u00e9, qual seja: a Salva\u00e7\u00e3o para a Vida Eterna!!!<\/p>\n<p>\u201cAlcan\u00e7ando o fim da vossa f\u00e9, a salva\u00e7\u00e3o das vossas almas\u201d (1 Pedro 1: 9)<\/p>\n<p>Observe atentamente que a finalidade \u00faltima da f\u00e9 \u00e9 a salva\u00e7\u00e3o, ou seja, a Vida Eterna. Ela jamais ser\u00e1 alcan\u00e7ada se n\u00e3o vivermos em comunh\u00e3o com o Criador, comunh\u00e3o proporcionada por uma f\u00e9 viva e vibrante.<\/p>\n<p>A b\u00ean\u00e7\u00e3o do Senhor \u00e9 completa: pela f\u00e9 somos guardados dos terrores existentes neste mundo e ao mesmo tempo estamos sendo preparados para a vida verdadeira:<\/p>\n<p>\u201cQue mediante a f\u00e9 estais guardados no poder de Deus para a salva\u00e7\u00e3o, j\u00e1 prestes para se revelar no \u00faltimo tempo\u201d (1 Pedro 1: 5).<\/p>\n","protected":false},"excerpt":{"rendered":"<p>Dando sequ\u00eancia \u00e0 s\u00e9rie de indaga\u00e7\u00f5es sobre a f\u00e9, eis a mensagem da semana: para que? Em nosso mundo, nas rela\u00e7\u00f5es que estabelecemos com as coisas e com as pessoas, se naturalizou a no\u00e7\u00e3o de que precisamos \u201cobter vantagens\u201d. Esse tra\u00e7o tipicamente humano se potencializou com o capitalismo e hoje vivemos sob o imp\u00e9rio do [&hellip;]<\/p>\n","protected":false},"author":96,"featured_media":0,"comment_status":"closed","ping_status":"closed","sticky":false,"template":"","format":"standard","meta":{"footnotes":""},"categories":[1244],"tags":[],"class_list":["post-216662","post","type-post","status-publish","format-standard","hentry","category-oleg-abramov"],"_links":{"self":[{"href":"https:\/\/diarioregionaldigital.com.br\/index.php?rest_route=\/wp\/v2\/posts\/216662","targetHints":{"allow":["GET"]}}],"collection":[{"href":"https:\/\/diarioregionaldigital.com.br\/index.php?rest_route=\/wp\/v2\/posts"}],"about":[{"href":"https:\/\/diarioregionaldigital.com.br\/index.php?rest_route=\/wp\/v2\/types\/post"}],"author":[{"embeddable":true,"href":"https:\/\/diarioregionaldigital.com.br\/index.php?rest_route=\/wp\/v2\/users\/96"}],"replies":[{"embeddable":true,"href":"https:\/\/diarioregionaldigital.com.br\/index.php?rest_route=%2Fwp%2Fv2%2Fcomments&post=216662"}],"version-history":[{"count":1,"href":"https:\/\/diarioregionaldigital.com.br\/index.php?rest_route=\/wp\/v2\/posts\/216662\/revisions"}],"predecessor-version":[{"id":216663,"href":"https:\/\/diarioregionaldigital.com.br\/index.php?rest_route=\/wp\/v2\/posts\/216662\/revisions\/216663"}],"wp:attachment":[{"href":"https:\/\/diarioregionaldigital.com.br\/index.php?rest_route=%2Fwp%2Fv2%2Fmedia&parent=216662"}],"wp:term":[{"taxonomy":"category","embeddable":true,"href":"https:\/\/diarioregionaldigital.com.br\/index.php?rest_route=%2Fwp%2Fv2%2Fcategories&post=216662"},{"taxonomy":"post_tag","embeddable":true,"href":"https:\/\/diarioregionaldigital.com.br\/index.php?rest_route=%2Fwp%2Fv2%2Ftags&post=216662"}],"curies":[{"name":"wp","href":"https:\/\/api.w.org\/{rel}","templated":true}]}}