{"id":216659,"date":"2023-07-30T06:00:58","date_gmt":"2023-07-30T09:00:58","guid":{"rendered":"https:\/\/diarioregionaldigital.com.br\/?p=216659"},"modified":"2023-07-29T06:20:13","modified_gmt":"2023-07-29T09:20:13","slug":"um-beijo-para-guanaes","status":"publish","type":"post","link":"https:\/\/diarioregionaldigital.com.br\/?p=216659","title":{"rendered":"Um beijo para Guanaes"},"content":{"rendered":"<p>No dia do anivers\u00e1rio da Academia Brasileira Letras(126 anos) diversas personalidades foram homenageadas. A Secret\u00e1ria de Estado de Educa\u00e7\u00e3o, professora Roberta Barreto, recebeu o Pr\u00eamio Francisco Alves, a escritora Marina Colasanti foi vencedora do Pr\u00eamio Machado de Assis e o publicit\u00e1rio Nizan Guanaes ficou com a Medalha Machado de Assis.<\/p>\n<p>Mas talvez o maior pr\u00eamio de Guanaes tenha sido o beijo cinematogr\u00e1fico que lhe foi dado pela atriz e acad\u00eamica Fernanda Montenegro. Foi digno daquela noite iluminada.<\/p>\n<p>Na sauda\u00e7\u00e3o, que n\u00e3o p\u00f4de ser lida, Nizan se disse surpreso com essa homenagem. \u201cEu tamb\u00e9m me sustento na l\u00edngua portuguesa. A diferen\u00e7a \u00e9 que voc\u00eas transformam o simples em profundo. O que voc\u00eas fazem por n\u00f3s, mortais, \u00e9 alimento, \u00e9 p\u00e3o. Eu vivo de contar hist\u00f3rias em 30,60 segundos. Somos levados a exercitar o poder da s\u00edntese. Encerro com um slogan criado pelo redator publicit\u00e1rio, vosso colega Fernando Pessoa, que escreveu para a Coca-Cola um slogan que, para mim, \u00e9 definitivo: \u201cNo poder da s\u00edntese, Coca-Cola no princ\u00edpio, estranhas depois entranhas. Grato, \u00a0Academia, contem comigo sempre.\u201d Guanaes\u00a0 comparou o seu trabalho \u00e0 venda de p\u00e3o.<\/p>\n<p>Nizan recebeu in\u00fameras mensagens, com o reconhecimento pelo seu belo trabalho na publicidade brasileira.<\/p>\n<p>Depois, foi homenageada com o Pr\u00eamio \u00a0Francisco Alves a educadora Roberta Barreto. Para receber a honraria, o Estatuto da ABL exigia que ela tivesse produzido \u00a0monografias sobre o ensino elementar. Isso foi cumprido com brilho e surgiram v\u00e1rias manifesta\u00e7\u00f5es da Secret\u00e1ria de Educa\u00e7\u00e3o do Rio de Janeiro, nessa \u00e1rea. O seu pr\u00eamio, alcan\u00e7ado por unanimidade, foi concedido pela ABL depois de alguns anos em que a Casa de Machado de Assis n\u00e3o se manifestou sobre a mat\u00e9ria.<\/p>\n<p>Finalmente, numa noite estrelada, a ABL concedeu sua maior l\u00e1urea \u00e0 escritora Marina Colasanti, pelo conjunto da obra liter\u00e1ria. Ela venceu o Pr\u00eamio Machado de Assis com amplos m\u00e9ritos. Tem obras na literatura de modo geral e mais especificamente na literatura infantil, onde brilhou intensamente.<\/p>\n","protected":false},"excerpt":{"rendered":"<p>No dia do anivers\u00e1rio da Academia Brasileira Letras(126 anos) diversas personalidades foram homenageadas. A Secret\u00e1ria de Estado de Educa\u00e7\u00e3o, professora Roberta Barreto, recebeu o Pr\u00eamio Francisco Alves, a escritora Marina Colasanti foi vencedora do Pr\u00eamio Machado de Assis e o publicit\u00e1rio Nizan Guanaes ficou com a Medalha Machado de Assis. Mas talvez o maior pr\u00eamio [&hellip;]<\/p>\n","protected":false},"author":96,"featured_media":0,"comment_status":"closed","ping_status":"closed","sticky":false,"template":"","format":"standard","meta":{"footnotes":""},"categories":[275],"tags":[],"class_list":["post-216659","post","type-post","status-publish","format-standard","hentry","category-arnaldo-niskier"],"_links":{"self":[{"href":"https:\/\/diarioregionaldigital.com.br\/index.php?rest_route=\/wp\/v2\/posts\/216659","targetHints":{"allow":["GET"]}}],"collection":[{"href":"https:\/\/diarioregionaldigital.com.br\/index.php?rest_route=\/wp\/v2\/posts"}],"about":[{"href":"https:\/\/diarioregionaldigital.com.br\/index.php?rest_route=\/wp\/v2\/types\/post"}],"author":[{"embeddable":true,"href":"https:\/\/diarioregionaldigital.com.br\/index.php?rest_route=\/wp\/v2\/users\/96"}],"replies":[{"embeddable":true,"href":"https:\/\/diarioregionaldigital.com.br\/index.php?rest_route=%2Fwp%2Fv2%2Fcomments&post=216659"}],"version-history":[{"count":1,"href":"https:\/\/diarioregionaldigital.com.br\/index.php?rest_route=\/wp\/v2\/posts\/216659\/revisions"}],"predecessor-version":[{"id":216660,"href":"https:\/\/diarioregionaldigital.com.br\/index.php?rest_route=\/wp\/v2\/posts\/216659\/revisions\/216660"}],"wp:attachment":[{"href":"https:\/\/diarioregionaldigital.com.br\/index.php?rest_route=%2Fwp%2Fv2%2Fmedia&parent=216659"}],"wp:term":[{"taxonomy":"category","embeddable":true,"href":"https:\/\/diarioregionaldigital.com.br\/index.php?rest_route=%2Fwp%2Fv2%2Fcategories&post=216659"},{"taxonomy":"post_tag","embeddable":true,"href":"https:\/\/diarioregionaldigital.com.br\/index.php?rest_route=%2Fwp%2Fv2%2Ftags&post=216659"}],"curies":[{"name":"wp","href":"https:\/\/api.w.org\/{rel}","templated":true}]}}