{"id":216657,"date":"2023-07-30T06:00:45","date_gmt":"2023-07-30T09:00:45","guid":{"rendered":"https:\/\/diarioregionaldigital.com.br\/?p=216657"},"modified":"2023-07-29T06:18:47","modified_gmt":"2023-07-29T09:18:47","slug":"consideracoes-sobre-a-fe-parte-05","status":"publish","type":"post","link":"https:\/\/diarioregionaldigital.com.br\/?p=216657","title":{"rendered":"Considera\u00e7\u00f5es sobre a f\u00e9 &#8211; parte 05"},"content":{"rendered":"<p>Chegamos \u00e0 \u00faltima pergunta: \u201ccomo obter f\u00e9?\u201d Pergunta que pode se desdobrar em outra: \u201ccomo fortalecer a f\u00e9 que j\u00e1 possuo?\u201d<\/p>\n<p>Parece que o acesso \u00e0s b\u00ean\u00e7\u00e3os de Deus (salva\u00e7\u00e3o, sa\u00fade f\u00edsica, alegria, paz,&#8230;) se d\u00e1 sempre da mesma maneira, por\u00e9m, a B\u00edblia mostra que n\u00e3o \u00e9 bem assim.<\/p>\n<p>No caso espec\u00edfico da f\u00e9, a B\u00edblia nos informa claramente qual \u00e9 a estrat\u00e9gia que devemos seguir:<\/p>\n<p>\u201cDe sorte que a f\u00e9 \u00e9 pelo ouvir, e o ouvir pela palavra de Deus\u201d (Romanos 10: 17).<\/p>\n<p>Ou seja, a f\u00e9 resulta do conhecimento da Palavra de Deus .<\/p>\n<p>Se voc\u00ea est\u00e1 no grupo dos que n\u00e3o t\u00eam f\u00e9, busque conhecer a Palavra e ela brotar\u00e1 no seu cora\u00e7\u00e3o. Sua f\u00e9 est\u00e1 fraca? Busque fortalec\u00ea-la atrav\u00e9s da Palavra. Voc\u00ea vive de f\u00e9? Busque a Palavra para renovar permanentemente sua comunh\u00e3o com o Alt\u00edssimo.<\/p>\n<p>Deus fala ao nosso cora\u00e7\u00e3o o tempo todo, por\u00e9m, o discernimento depende muito do conhecimento. Veja o que o profeta Os\u00e9ias disse:<\/p>\n<p>\u201cO meu povo foi destru\u00eddo, porque lhe faltou o conhecimento\u201d (Os\u00e9ias 4: 6a).<\/p>\n<p>A procura por conhecer o que o Senhor nos instrui por meio das Escrituras \u00e9 a busca pelo pr\u00f3prio Deus; por isso a f\u00e9 se nutre do cont\u00ednuo processo de procuras e encontros proporcionados pela Palavra revelada.<\/p>\n<p>Voc\u00ea pode orar pedindo f\u00e9, como ocorreu nesta passagem:<\/p>\n<p>\u201cE logo o pai do menino, clamando, com l\u00e1grimas, disse: Eu creio, Senhor! Ajuda a minha incredulidade\u201d (Marcos 9: 24).<\/p>\n<p>Assim como deve orar pedindo sabedoria:<\/p>\n<p>\u201cE, se algum de v\u00f3s tem falta de sabedoria, pe\u00e7a-a a Deus, que a todos d\u00e1 liberalmente, e o n\u00e3o lan\u00e7a em rosto, e ser-lhe-\u00e1 dada\u201d (Tiago 1: 5).<\/p>\n<p>Por\u00e9m, quando se trata da f\u00e9, assim como diz a primeira passagem citada acima (Rm 10.17), nada pode substituir a busca, insistente e perseverante, por descobrir a Palavra de Deus.<\/p>\n","protected":false},"excerpt":{"rendered":"<p>Chegamos \u00e0 \u00faltima pergunta: \u201ccomo obter f\u00e9?\u201d Pergunta que pode se desdobrar em outra: \u201ccomo fortalecer a f\u00e9 que j\u00e1 possuo?\u201d Parece que o acesso \u00e0s b\u00ean\u00e7\u00e3os de Deus (salva\u00e7\u00e3o, sa\u00fade f\u00edsica, alegria, paz,&#8230;) se d\u00e1 sempre da mesma maneira, por\u00e9m, a B\u00edblia mostra que n\u00e3o \u00e9 bem assim. No caso espec\u00edfico da f\u00e9, a [&hellip;]<\/p>\n","protected":false},"author":96,"featured_media":0,"comment_status":"closed","ping_status":"closed","sticky":false,"template":"","format":"standard","meta":{"footnotes":""},"categories":[1244],"tags":[],"class_list":["post-216657","post","type-post","status-publish","format-standard","hentry","category-oleg-abramov"],"_links":{"self":[{"href":"https:\/\/diarioregionaldigital.com.br\/index.php?rest_route=\/wp\/v2\/posts\/216657","targetHints":{"allow":["GET"]}}],"collection":[{"href":"https:\/\/diarioregionaldigital.com.br\/index.php?rest_route=\/wp\/v2\/posts"}],"about":[{"href":"https:\/\/diarioregionaldigital.com.br\/index.php?rest_route=\/wp\/v2\/types\/post"}],"author":[{"embeddable":true,"href":"https:\/\/diarioregionaldigital.com.br\/index.php?rest_route=\/wp\/v2\/users\/96"}],"replies":[{"embeddable":true,"href":"https:\/\/diarioregionaldigital.com.br\/index.php?rest_route=%2Fwp%2Fv2%2Fcomments&post=216657"}],"version-history":[{"count":1,"href":"https:\/\/diarioregionaldigital.com.br\/index.php?rest_route=\/wp\/v2\/posts\/216657\/revisions"}],"predecessor-version":[{"id":216658,"href":"https:\/\/diarioregionaldigital.com.br\/index.php?rest_route=\/wp\/v2\/posts\/216657\/revisions\/216658"}],"wp:attachment":[{"href":"https:\/\/diarioregionaldigital.com.br\/index.php?rest_route=%2Fwp%2Fv2%2Fmedia&parent=216657"}],"wp:term":[{"taxonomy":"category","embeddable":true,"href":"https:\/\/diarioregionaldigital.com.br\/index.php?rest_route=%2Fwp%2Fv2%2Fcategories&post=216657"},{"taxonomy":"post_tag","embeddable":true,"href":"https:\/\/diarioregionaldigital.com.br\/index.php?rest_route=%2Fwp%2Fv2%2Ftags&post=216657"}],"curies":[{"name":"wp","href":"https:\/\/api.w.org\/{rel}","templated":true}]}}