{"id":216648,"date":"2023-07-29T01:39:09","date_gmt":"2023-07-29T04:39:09","guid":{"rendered":"https:\/\/diarioregionaldigital.com.br\/?p=216648"},"modified":"2023-07-29T01:39:09","modified_gmt":"2023-07-29T04:39:09","slug":"fiscalizacao-apreende-produtos-falsificados-que-eram-utilizados-em-possivel-tentativa-de-golpe","status":"publish","type":"post","link":"https:\/\/diarioregionaldigital.com.br\/?p=216648","title":{"rendered":"Fiscaliza\u00e7\u00e3o apreende produtos falsificados que eram utilizados em poss\u00edvel tentativa de golpe"},"content":{"rendered":"<p>Segundo informa\u00e7\u00f5es do site da Prefeiturade Juiz de Fora (PJF), uma a\u00e7\u00e3o conjunta de Fiscaliza\u00e7\u00e3o da Prefeitura de Juiz de Fora (PJF) aprendeu no Centro produtos que eram utilizados para aplica\u00e7\u00e3o de um golpe, extorquindo pessoas nas ruas de Juiz de Fora. A a\u00e7\u00e3o foi motivada por uma den\u00fancia de populares que foram abordados pelos indiv\u00edduos oferecendo, inicialmente, os produtos como amostras gr\u00e1tis. Posteriormente, contudo, era exigido doa\u00e7\u00e3o em dinheiro para retribuir a mercadoria em tom de amea\u00e7a. A pr\u00e1tica consiste em crime de acordo com o artigo 158 do C\u00f3digo Penal, sujeito a multa e pena de reclus\u00e3o de quatro a dez anos.<br \/>\nA opera\u00e7\u00e3o foi realizada em conjunto por Fiscais de Posturas, Guarda Municipal e Pol\u00edcia Militar. Foram apreendidos 60 itens, entre perfumes e produtos eletr\u00f4nicos com ind\u00edcios de falsifica\u00e7\u00e3o, estrutura para comercializa\u00e7\u00e3o dos itens e uma m\u00e1quina de cart\u00e3o, que era utilizada para a pr\u00e1tica do crime. Ao perceberem a aproxima\u00e7\u00e3o das equipes, os suspeitos de aplicar os golpes abandonaram as mercadorias e evadiram do local.<\/p>\n","protected":false},"excerpt":{"rendered":"<p>Segundo informa\u00e7\u00f5es do site da Prefeiturade Juiz de Fora (PJF), uma a\u00e7\u00e3o conjunta de Fiscaliza\u00e7\u00e3o da Prefeitura de Juiz de Fora (PJF) aprendeu no Centro produtos que eram utilizados para aplica\u00e7\u00e3o de um golpe, extorquindo pessoas nas ruas de Juiz de Fora. A a\u00e7\u00e3o foi motivada por uma den\u00fancia de populares que foram abordados pelos [&hellip;]<\/p>\n","protected":false},"author":246,"featured_media":216649,"comment_status":"closed","ping_status":"closed","sticky":false,"template":"","format":"standard","meta":{"footnotes":""},"categories":[253,436,439],"tags":[],"class_list":["post-216648","post","type-post","status-publish","format-standard","has-post-thumbnail","hentry","category-cidade","category-destaque-da-semana","category-ultima-hora"],"_links":{"self":[{"href":"https:\/\/diarioregionaldigital.com.br\/index.php?rest_route=\/wp\/v2\/posts\/216648","targetHints":{"allow":["GET"]}}],"collection":[{"href":"https:\/\/diarioregionaldigital.com.br\/index.php?rest_route=\/wp\/v2\/posts"}],"about":[{"href":"https:\/\/diarioregionaldigital.com.br\/index.php?rest_route=\/wp\/v2\/types\/post"}],"author":[{"embeddable":true,"href":"https:\/\/diarioregionaldigital.com.br\/index.php?rest_route=\/wp\/v2\/users\/246"}],"replies":[{"embeddable":true,"href":"https:\/\/diarioregionaldigital.com.br\/index.php?rest_route=%2Fwp%2Fv2%2Fcomments&post=216648"}],"version-history":[{"count":1,"href":"https:\/\/diarioregionaldigital.com.br\/index.php?rest_route=\/wp\/v2\/posts\/216648\/revisions"}],"predecessor-version":[{"id":216650,"href":"https:\/\/diarioregionaldigital.com.br\/index.php?rest_route=\/wp\/v2\/posts\/216648\/revisions\/216650"}],"wp:featuredmedia":[{"embeddable":true,"href":"https:\/\/diarioregionaldigital.com.br\/index.php?rest_route=\/wp\/v2\/media\/216649"}],"wp:attachment":[{"href":"https:\/\/diarioregionaldigital.com.br\/index.php?rest_route=%2Fwp%2Fv2%2Fmedia&parent=216648"}],"wp:term":[{"taxonomy":"category","embeddable":true,"href":"https:\/\/diarioregionaldigital.com.br\/index.php?rest_route=%2Fwp%2Fv2%2Fcategories&post=216648"},{"taxonomy":"post_tag","embeddable":true,"href":"https:\/\/diarioregionaldigital.com.br\/index.php?rest_route=%2Fwp%2Fv2%2Ftags&post=216648"}],"curies":[{"name":"wp","href":"https:\/\/api.w.org\/{rel}","templated":true}]}}