{"id":216639,"date":"2023-07-29T01:30:55","date_gmt":"2023-07-29T04:30:55","guid":{"rendered":"https:\/\/diarioregionaldigital.com.br\/?p=216639"},"modified":"2023-07-29T01:30:55","modified_gmt":"2023-07-29T04:30:55","slug":"jogos-mundiais-universitarios-dia-5-cerimonia-de-abertura","status":"publish","type":"post","link":"https:\/\/diarioregionaldigital.com.br\/?p=216639","title":{"rendered":"Jogos Mundiais Universit\u00e1rios &#8211; Dia 5: cerim\u00f4nia de abertura"},"content":{"rendered":"<p>Ap\u00f3s o tempo chuvoso no ver\u00e3o chin\u00eas, Chengdu amanheceu ensolarada. Logo nas primeiras horas desta sexta-feira (28), o c\u00e9u limpo indicava que a delega\u00e7\u00e3o brasileira nos Jogos Mundiais Universit\u00e1rios de Ver\u00e3o teria um belo dia tanto nas competi\u00e7\u00f5es quanto na Cerim\u00f4nia de Abertura. E come\u00e7ou com a primeira participa\u00e7\u00e3o do Brasil no evento. A honra coube \u00e0 sele\u00e7\u00e3o feminina de basquete, que estreou contra a Rom\u00eania e n\u00e3o decepcionou.<img decoding=\"async\" src=\"https:\/\/agenciabrasil.ebc.com.br\/ebc.png?id=1546115&amp;o=node\" \/><img decoding=\"async\" src=\"https:\/\/agenciabrasil.ebc.com.br\/ebc.gif?id=1546115&amp;o=node\" \/><\/p>\n<p>Intensas desde o aquecimento, as brasileiras foram avassaladoras no primeiro quarto e sa\u00edram de quadra para o primeiro intervalo com um placar de 24 a 6. Parecia que as romenas n\u00e3o esperavam um advers\u00e1rio t\u00e3o agressivo defensivamente e inspirado no ataque. Nos dois quartos seguintes, a Rom\u00eania melhorou e chegou a diminuir a vantagem brasileira para 10 pontos. Por\u00e9m, no \u00faltimo quarto o Brasil se acertou novamente e garantiu a vit\u00f3ria de 77 a 59.<\/p>\n<p>Cestinha da partida com 19 pontos, Let\u00edcia analisou a vit\u00f3ria: \u201cA estreia sempre tem o nervosismo, como vamos nos sair, mas desde que partimos de S\u00e3o Paulo o nosso objetivo at\u00e9 aqui foi o mesmo: com a din\u00e2mica de time forte, vibrando. Elas se assustaram quando come\u00e7amos com essa energia agressiva. Iniciar assim j\u00e1 manda toda a ansiedade para fora e no segundo jogo j\u00e1 est\u00e1 mais controlado\u201d.<\/p>\n<p>Let\u00edcia joga fora do Brasil h\u00e1 nove anos e afirma que esta experi\u00eancia pode ajudar a equipe: \u201cAcho que, por ser a mais velha do time, consigo trazer um pouco da experi\u00eancia que tenho. Por exemplo, quando come\u00e7a a baixar o ritmo do treino eu cobro um pouco mais e as jogadoras come\u00e7am a entender o motivo. Esse jogo foi importante para todos perceberem que precisamos de intensidade. A gente tava ganhando de 24 a 6 e as romenas vieram buscar. A intensidade tem que continuar. Claro que algumas jogadoras s\u00e3o novas, para muitas \u00e9 a primeira vez, ent\u00e3o est\u00e1 sendo uma experi\u00eancia grande. Quando conseguimos controlar d\u00e1 para ver o resultado dentro de quadra\u201d.<\/p>\n<p>O pr\u00f3ximo compromisso da sele\u00e7\u00e3o ser\u00e1 no domingo (30), contra a Finl\u00e2ndia. O Brasil est\u00e1 no grupo C ao lado de Rom\u00eania e Finl\u00e2ndia. Os dois primeiros colocados se classificam para a pr\u00f3xima fase.<\/p>\n<h2>Cerim\u00f4nia de abertura<\/h2>\n<p>Ap\u00f3s a vit\u00f3ria no basquete faltava pouco tempo para a Cerim\u00f4nia de Abertura dos Jogos Mundiais Universit\u00e1rios de Ver\u00e3o. Depois do almo\u00e7o, toda a delega\u00e7\u00e3o estava pronta \u00e0s 16h para se deslocar at\u00e9 o Dong&#8217;an Lake Sports Partk Stadium.<\/p>\n<p>J\u00e1 na fila para entrar na cerim\u00f4nia, argentinos e brasileiros se provocaram com can\u00e7\u00f5es de futebol, mas em clima tranquilo e cordial. A entrada da delega\u00e7\u00e3o no est\u00e1dio foi emocionante. Recebidos por um p\u00fablico animado, os atletas tremularam bandeirinhas e se encantaram com o desfile. Depois, j\u00e1 sentados nas cadeiras, os brasileiros acompanharam um show repleto de m\u00fasica, dan\u00e7a, efeitos especiais e muitos fogos de artif\u00edcio.<\/p>\n<p>No pr\u00f3ximo s\u00e1bado (29) o Brasil entra no tatame para brigar por medalhas. \u00c0s 10 horas come\u00e7a a fase eliminat\u00f3ria do jud\u00f4 e \u00e0s 16h j\u00e1 teremos as finais das categorias -48kg feminino, -52kg feminino, -57kg feminino, -60kg masculino e -66kg masculino. Al\u00e9m disso ser\u00e3o realizadas disputas das primeiras rodadas do t\u00eanis e do t\u00eanis de mesa. \u00c0 noite, a partir das 19h30min (hor\u00e1rio local), ser\u00e1 a vez de o basquete masculino enfrentar a China. J\u00e1 o time de v\u00f4lei masculino pega a Alemanha a partir das 20h.<\/p>\n<p><span style=\"font-weight: 400;\">Fonte: Ag\u00eancia Brasil <\/span><\/p>\n","protected":false},"excerpt":{"rendered":"<p>Ap\u00f3s o tempo chuvoso no ver\u00e3o chin\u00eas, Chengdu amanheceu ensolarada. Logo nas primeiras horas desta sexta-feira (28), o c\u00e9u limpo indicava que a delega\u00e7\u00e3o brasileira nos Jogos Mundiais Universit\u00e1rios de Ver\u00e3o teria um belo dia tanto nas competi\u00e7\u00f5es quanto na Cerim\u00f4nia de Abertura. E come\u00e7ou com a primeira participa\u00e7\u00e3o do Brasil no evento. A honra [&hellip;]<\/p>\n","protected":false},"author":246,"featured_media":216640,"comment_status":"closed","ping_status":"closed","sticky":false,"template":"","format":"standard","meta":{"footnotes":""},"categories":[436,257,439],"tags":[],"class_list":["post-216639","post","type-post","status-publish","format-standard","has-post-thumbnail","hentry","category-destaque-da-semana","category-esporte","category-ultima-hora"],"_links":{"self":[{"href":"https:\/\/diarioregionaldigital.com.br\/index.php?rest_route=\/wp\/v2\/posts\/216639","targetHints":{"allow":["GET"]}}],"collection":[{"href":"https:\/\/diarioregionaldigital.com.br\/index.php?rest_route=\/wp\/v2\/posts"}],"about":[{"href":"https:\/\/diarioregionaldigital.com.br\/index.php?rest_route=\/wp\/v2\/types\/post"}],"author":[{"embeddable":true,"href":"https:\/\/diarioregionaldigital.com.br\/index.php?rest_route=\/wp\/v2\/users\/246"}],"replies":[{"embeddable":true,"href":"https:\/\/diarioregionaldigital.com.br\/index.php?rest_route=%2Fwp%2Fv2%2Fcomments&post=216639"}],"version-history":[{"count":1,"href":"https:\/\/diarioregionaldigital.com.br\/index.php?rest_route=\/wp\/v2\/posts\/216639\/revisions"}],"predecessor-version":[{"id":216641,"href":"https:\/\/diarioregionaldigital.com.br\/index.php?rest_route=\/wp\/v2\/posts\/216639\/revisions\/216641"}],"wp:featuredmedia":[{"embeddable":true,"href":"https:\/\/diarioregionaldigital.com.br\/index.php?rest_route=\/wp\/v2\/media\/216640"}],"wp:attachment":[{"href":"https:\/\/diarioregionaldigital.com.br\/index.php?rest_route=%2Fwp%2Fv2%2Fmedia&parent=216639"}],"wp:term":[{"taxonomy":"category","embeddable":true,"href":"https:\/\/diarioregionaldigital.com.br\/index.php?rest_route=%2Fwp%2Fv2%2Fcategories&post=216639"},{"taxonomy":"post_tag","embeddable":true,"href":"https:\/\/diarioregionaldigital.com.br\/index.php?rest_route=%2Fwp%2Fv2%2Ftags&post=216639"}],"curies":[{"name":"wp","href":"https:\/\/api.w.org\/{rel}","templated":true}]}}