{"id":216625,"date":"2023-07-29T01:19:23","date_gmt":"2023-07-29T04:19:23","guid":{"rendered":"https:\/\/diarioregionaldigital.com.br\/?p=216625"},"modified":"2023-07-29T01:19:23","modified_gmt":"2023-07-29T04:19:23","slug":"brasil-e-paraguai-devem-finalizar-acordo-sobre-itaipu-ainda-este-ano","status":"publish","type":"post","link":"https:\/\/diarioregionaldigital.com.br\/?p=216625","title":{"rendered":"Brasil e Paraguai devem finalizar acordo sobre Itaipu ainda este ano"},"content":{"rendered":"<p>Ap\u00f3s reuni\u00e3o com o presidente Luiz In\u00e1cio Lula da Silva, o presidente eleito do Paraguai, Santiago Pe\u00f1a, disse que os dois pa\u00edses devem pensar o futuro\u00a0da Usina Hidrel\u00e9trica de Itaipu para os pr\u00f3ximos 50 anos. Segundo ele, o acordo entre Brasil e Paraguai sobre os aspectos econ\u00f4micos da usina binacional deve ser finalizado ainda este ano. \u201cEstou muito otimista de que as negocia\u00e7\u00f5es possam ser conclu\u00eddas muito r\u00e1pidas\u201d, disse Pe\u00f1a.\u00a0<img decoding=\"async\" src=\"https:\/\/agenciabrasil.ebc.com.br\/ebc.png?id=1546143&amp;o=node\" \/><img decoding=\"async\" src=\"https:\/\/agenciabrasil.ebc.com.br\/ebc.gif?id=1546143&amp;o=node\" \/><\/p>\n<p>Segundo o presidente eleito, o objetivo \u00e9 construir uma vis\u00e3o conjunta dos dois pa\u00edses sobre o futuro da hidrel\u00e9trica. O Tratado de Itaipu, assinado em 1973 pelos governos de Brasil e Paraguai, fala que, depois de 50 anos, o anexo C, que estabelece os termos financeiros, deve ser rediscutido.<\/p>\n<blockquote><p>\u201cQuando o acordo foi assinado, o objetivo foi construir, operar e pagar a d\u00edvida de Itaipu, o que foi feito. A obra foi constru\u00edda, opera corretamente e a d\u00edvida foi paga totalmente. Hoje, temos que falar qual \u00e9 o novo papel que vai ter para os pr\u00f3ximos 50 anos\u201d, disse Pe\u00f1a, ao sair do encontro com Lula no Pal\u00e1cio da Alvorada.<\/p><\/blockquote>\n<p>O presidente eleito do Paraguai diz\u00a0que acredita ser poss\u00edvel manter as condi\u00e7\u00f5es de compra do excedente de energia pelo Brasil. Atualmente, cada pa\u00eds tem direito a metade da energia produzida pela usina, mas o Paraguai usa apenas cerca de 15% do total. Pelo tratado, o Brasil tem prefer\u00eancia de compra da energia excedente dos paraguaios.<\/p>\n<p>\u201cO Paraguai n\u00e3o est\u00e1 buscando uma pol\u00edtica rentista, est\u00e1 buscando uma pol\u00edtica desenvolvimentista. O Paraguai quer desenvolver\u00a0seu pa\u00eds, temos muita gente jovem que quer trabalhar. Estamos buscando uma pol\u00edtica econ\u00f4mica que v\u00e1 gerar emprego, e a ideia n\u00e3o \u00e9 mudar o emprego do Brasil para o Paraguai\u201d, disse Pe\u00f1a.<\/p>\n<p>O encontro entre Lula e Pe\u00f1a tratou de uma agenda ampla de integra\u00e7\u00e3o global, regional e bilateral entre os dois pa\u00edses. Foram discutidos temas de coopera\u00e7\u00e3o na \u00e1rea de seguran\u00e7a, econ\u00f4mica, passagem de fronteira e tamb\u00e9m a melhoria da coopera\u00e7\u00e3o na \u00e1rea de investimentos para a regi\u00e3o.\u00a0 Lula j\u00e1 confirmou a presen\u00e7a nas cerim\u00f4nias de posse presidencial do paraguaio, em Assun\u00e7\u00e3o, no dia 15 de agosto.<\/p>\n<h2>Acordo Mercosul e Uni\u00e3o Europeia<\/h2>\n<p>Outro assunto tratado na reuni\u00e3o, segundo Pe\u00f1a, foi a conclus\u00e3o do acordo comercial entre o Mercosul e a Uni\u00e3o Europeia. \u201cEstou muito otimista que o presidente Lula, como presidente\u00a0<em>pro tempore<\/em>\u00a0do Mercosul vai levar essa negocia\u00e7\u00e3o de maneira muito exitosa\u201d, disse Pe\u00f1a.<\/p>\n<p>Nas redes sociais, Lula disse que gostou muito da reuni\u00e3o. \u201cFalamos do acordo da Uni\u00e3o Europeia e Mercosul e a necessidade de nos engajarmos para fazer as coisas r\u00e1pido. Tamb\u00e9m dos paraguaios no Corinthians. Queremos trabalhar juntos nesses anos que teremos pela frente com nossos mandatos em comum\u201d, declarou o presidente brasileiro.<\/p>\n<p><span style=\"font-weight: 400;\"><br \/>\n<\/span><span style=\"font-weight: 400;\">Fonte: Ag\u00eancia Brasil <\/span><\/p>\n","protected":false},"excerpt":{"rendered":"<p>Ap\u00f3s reuni\u00e3o com o presidente Luiz In\u00e1cio Lula da Silva, o presidente eleito do Paraguai, Santiago Pe\u00f1a, disse que os dois pa\u00edses devem pensar o futuro\u00a0da Usina Hidrel\u00e9trica de Itaipu para os pr\u00f3ximos 50 anos. Segundo ele, o acordo entre Brasil e Paraguai sobre os aspectos econ\u00f4micos da usina binacional deve ser finalizado ainda este [&hellip;]<\/p>\n","protected":false},"author":246,"featured_media":216626,"comment_status":"closed","ping_status":"closed","sticky":false,"template":"","format":"standard","meta":{"footnotes":""},"categories":[436,254,439],"tags":[],"class_list":["post-216625","post","type-post","status-publish","format-standard","has-post-thumbnail","hentry","category-destaque-da-semana","category-politica","category-ultima-hora"],"_links":{"self":[{"href":"https:\/\/diarioregionaldigital.com.br\/index.php?rest_route=\/wp\/v2\/posts\/216625","targetHints":{"allow":["GET"]}}],"collection":[{"href":"https:\/\/diarioregionaldigital.com.br\/index.php?rest_route=\/wp\/v2\/posts"}],"about":[{"href":"https:\/\/diarioregionaldigital.com.br\/index.php?rest_route=\/wp\/v2\/types\/post"}],"author":[{"embeddable":true,"href":"https:\/\/diarioregionaldigital.com.br\/index.php?rest_route=\/wp\/v2\/users\/246"}],"replies":[{"embeddable":true,"href":"https:\/\/diarioregionaldigital.com.br\/index.php?rest_route=%2Fwp%2Fv2%2Fcomments&post=216625"}],"version-history":[{"count":1,"href":"https:\/\/diarioregionaldigital.com.br\/index.php?rest_route=\/wp\/v2\/posts\/216625\/revisions"}],"predecessor-version":[{"id":216627,"href":"https:\/\/diarioregionaldigital.com.br\/index.php?rest_route=\/wp\/v2\/posts\/216625\/revisions\/216627"}],"wp:featuredmedia":[{"embeddable":true,"href":"https:\/\/diarioregionaldigital.com.br\/index.php?rest_route=\/wp\/v2\/media\/216626"}],"wp:attachment":[{"href":"https:\/\/diarioregionaldigital.com.br\/index.php?rest_route=%2Fwp%2Fv2%2Fmedia&parent=216625"}],"wp:term":[{"taxonomy":"category","embeddable":true,"href":"https:\/\/diarioregionaldigital.com.br\/index.php?rest_route=%2Fwp%2Fv2%2Fcategories&post=216625"},{"taxonomy":"post_tag","embeddable":true,"href":"https:\/\/diarioregionaldigital.com.br\/index.php?rest_route=%2Fwp%2Fv2%2Ftags&post=216625"}],"curies":[{"name":"wp","href":"https:\/\/api.w.org\/{rel}","templated":true}]}}