{"id":216622,"date":"2023-07-29T01:18:18","date_gmt":"2023-07-29T04:18:18","guid":{"rendered":"https:\/\/diarioregionaldigital.com.br\/?p=216622"},"modified":"2023-07-29T01:18:18","modified_gmt":"2023-07-29T04:18:18","slug":"justica-ouve-mais-3-testemunhas-sobre-morte-do-congoles-moise","status":"publish","type":"post","link":"https:\/\/diarioregionaldigital.com.br\/?p=216622","title":{"rendered":"Justi\u00e7a ouve mais 3 testemunhas sobre morte do congol\u00eas Mo\u00efse"},"content":{"rendered":"<p>O Tribunal de Justi\u00e7a do Rio de Janeiro deu continuidade nesta sexta-feira (28) \u00e0s oitivas das testemunhas no processo sobre a morte do congol\u00eas Mo\u00efse Kabagambe. Foram ouvidas mais tr\u00eas pessoas. Todas eram testemunhas de acusa\u00e7\u00e3o arroladas pelo Minist\u00e9rio P\u00fablico do Rio de Janeiro (MPRJ).<img decoding=\"async\" src=\"https:\/\/agenciabrasil.ebc.com.br\/ebc.png?id=1546209&amp;o=node\" \/><img decoding=\"async\" src=\"https:\/\/agenciabrasil.ebc.com.br\/ebc.gif?id=1546209&amp;o=node\" \/><\/p>\n<p>Mo\u00efse Kabagambe tinha 24 anos de idade quando foi brutalmente espancado at\u00e9 a morte no quiosque Tropic\u00e1lia, na Barra da Tijuca, na zona oeste da capital fluminense. Ele trabalhava e recebia por di\u00e1rias. Segundo a fam\u00edlia, as agress\u00f5es ocorreram ap\u00f3s ele ter cobrado pagamento atrasado.<\/p>\n<p>O epis\u00f3dio, ocorrido em 24 de janeiro de 2022, foi registrado em c\u00e2meras de seguran\u00e7a. O laudo do Instituto M\u00e9dico Legal (IML) indicou que a causa da morte foi traumatismo do t\u00f3rax, com contus\u00e3o pulmonar, causada por a\u00e7\u00e3o contundente. Desde ent\u00e3o, familiares e amigos do congol\u00eas v\u00eam\u00a0<a href=\"https:\/\/agenciabrasil.ebc.com.br\/direitos-humanos\/noticia\/2023-01\/ato-reune-parentes-e-marca-um-ano-da-morte-do-congoles-moise-kabagambe\" target=\"_blank\" rel=\"noopener\">realizando diversos atos<\/a>\u00a0para cobrar justi\u00e7a.<\/p>\n<p>Os tr\u00eas homens que praticaram o crime foram identificados e presos preventivamente pouco mais de uma semana depois. Brendon Alexander Luz da Silva, Aleson Cristiano de Oliveira Fonseca e F\u00e1bio Pirineus da Silva foram\u00a0<a href=\"https:\/\/agenciabrasil.ebc.com.br\/justica\/noticia\/2022-02\/mprj-denuncia-tres-acusados-pelo-assassinato-de-moise-kabagambe\" target=\"_blank\" rel=\"noopener\">denunciados pelo MPRJ<\/a>\u00a0e se tornaram r\u00e9us. Os advogados de defesa chegaram a apresentar pedidos para que eles respondessem em liberdade, o que foi negado pela Justi\u00e7a. Ainda ser\u00e1 decidido se eles ser\u00e3o julgados por j\u00fari popular, como pede o MPRJ.<\/p>\n<p>O caso est\u00e1 sendo analisado na 1\u00aa Vara Criminal da capital. A imprensa n\u00e3o foi autorizada a acompanhar as novas oitivas. Segundo relato divulgado pelo TJRJ ao fim dos trabalhos do dia, o primeiro a prestar depoimento foi Maicon Rodrigues Gomes, que trabalhava como freelancer em quiosques de praia e que conheceu o congol\u00eas na semana do epis\u00f3dio. De acordo com ele, Mo\u00efse come\u00e7ou a ser agredido com um peda\u00e7o de madeira ap\u00f3s tentar pegar cerveja no quiosque Tropic\u00e1lia.<\/p>\n<p>Tamb\u00e9m foi ouvido o amigo dos acusados Jailton Pereira Campos, conhecido como Baixinho. Respons\u00e1vel por tomar conta do quiosque no dia do espancamento, ele contou que Mo\u00efse foi agredido e amarrado com uma corda. Segundo seu relato, mesmo imobilizado, o congol\u00eas continuou sendo alvo de golpes.<\/p>\n<p>A \u00faltima testemunha ouvida foi Luis Carlos Cortinovis Coelho, propriet\u00e1rio de uma barraca de praia localizada atr\u00e1s do quiosque Tropic\u00e1lia. Ele disse que havia deixado o local antes do ocorrido e que soube do crime ap\u00f3s receber um telefonema de F\u00e1bio. Luis Carlos disse ter tentado convencer os acusados a se entregarem. Tamb\u00e9m afirmou que recolheu um taco de beisebol usado nas agress\u00f5es e o entregou na delegacia.<\/p>\n<p>Segundo determinou a ju\u00edza Alessandra da Rocha Lima Roidis, as pr\u00f3ximas oitivas dever\u00e3o ocorrer no dia 15 de setembro, \u00e0s 13h. Tr\u00eas testemunhas j\u00e1 haviam sido ouvidas no in\u00edcio do m\u00eas, incluindo Lotsove Lolo Lavy Ivone,\u00a0m\u00e3e de Mo\u00efse. Ela deixou o Congo, buscando escapar da guerra e da fome, e veio com os filhos para Brasil em 2014.<\/p>\n<p>Ap\u00f3s a repercuss\u00e3o do caso, a fam\u00edlia do jovem congol\u00eas recebeu da prefeitura a concess\u00e3o de um quiosque comercial no Parque de Madureira, na zona norte da cidade. Em junho do ano passado foi sancionada a Lei Estadual 9.715\/2022 reconhecendo o 24 de janeiro como Dia do Refugiado Africano. A data, escolhida em homenagem \u00e0 Mo\u00efse, passou a figurar no calend\u00e1rio oficial do estado do Rio de Janeiro.<\/p>\n<p><span style=\"font-weight: 400;\">Fonte: Ag\u00eancia Brasil <\/span><\/p>\n","protected":false},"excerpt":{"rendered":"<p>O Tribunal de Justi\u00e7a do Rio de Janeiro deu continuidade nesta sexta-feira (28) \u00e0s oitivas das testemunhas no processo sobre a morte do congol\u00eas Mo\u00efse Kabagambe. Foram ouvidas mais tr\u00eas pessoas. Todas eram testemunhas de acusa\u00e7\u00e3o arroladas pelo Minist\u00e9rio P\u00fablico do Rio de Janeiro (MPRJ). Mo\u00efse Kabagambe tinha 24 anos de idade quando foi brutalmente [&hellip;]<\/p>\n","protected":false},"author":246,"featured_media":216623,"comment_status":"closed","ping_status":"closed","sticky":false,"template":"","format":"standard","meta":{"footnotes":""},"categories":[436,254,439],"tags":[],"class_list":["post-216622","post","type-post","status-publish","format-standard","has-post-thumbnail","hentry","category-destaque-da-semana","category-politica","category-ultima-hora"],"_links":{"self":[{"href":"https:\/\/diarioregionaldigital.com.br\/index.php?rest_route=\/wp\/v2\/posts\/216622","targetHints":{"allow":["GET"]}}],"collection":[{"href":"https:\/\/diarioregionaldigital.com.br\/index.php?rest_route=\/wp\/v2\/posts"}],"about":[{"href":"https:\/\/diarioregionaldigital.com.br\/index.php?rest_route=\/wp\/v2\/types\/post"}],"author":[{"embeddable":true,"href":"https:\/\/diarioregionaldigital.com.br\/index.php?rest_route=\/wp\/v2\/users\/246"}],"replies":[{"embeddable":true,"href":"https:\/\/diarioregionaldigital.com.br\/index.php?rest_route=%2Fwp%2Fv2%2Fcomments&post=216622"}],"version-history":[{"count":1,"href":"https:\/\/diarioregionaldigital.com.br\/index.php?rest_route=\/wp\/v2\/posts\/216622\/revisions"}],"predecessor-version":[{"id":216624,"href":"https:\/\/diarioregionaldigital.com.br\/index.php?rest_route=\/wp\/v2\/posts\/216622\/revisions\/216624"}],"wp:featuredmedia":[{"embeddable":true,"href":"https:\/\/diarioregionaldigital.com.br\/index.php?rest_route=\/wp\/v2\/media\/216623"}],"wp:attachment":[{"href":"https:\/\/diarioregionaldigital.com.br\/index.php?rest_route=%2Fwp%2Fv2%2Fmedia&parent=216622"}],"wp:term":[{"taxonomy":"category","embeddable":true,"href":"https:\/\/diarioregionaldigital.com.br\/index.php?rest_route=%2Fwp%2Fv2%2Fcategories&post=216622"},{"taxonomy":"post_tag","embeddable":true,"href":"https:\/\/diarioregionaldigital.com.br\/index.php?rest_route=%2Fwp%2Fv2%2Ftags&post=216622"}],"curies":[{"name":"wp","href":"https:\/\/api.w.org\/{rel}","templated":true}]}}