{"id":216619,"date":"2023-07-29T01:16:44","date_gmt":"2023-07-29T04:16:44","guid":{"rendered":"https:\/\/diarioregionaldigital.com.br\/?p=216619"},"modified":"2023-07-29T01:16:44","modified_gmt":"2023-07-29T04:16:44","slug":"stf-suspende-tramitacao-dos-processos-de-revisao-da-vida-toda","status":"publish","type":"post","link":"https:\/\/diarioregionaldigital.com.br\/?p=216619","title":{"rendered":"STF suspende tramita\u00e7\u00e3o dos processos de \u201crevis\u00e3o da vida toda\u201d"},"content":{"rendered":"<p>O ministro do Supremo Tribunal Federal (STF) Alexandre de Moraes determinou a suspens\u00e3o do tr\u00e2mite de todos os processos que tratam sobre a chamada \u201crevis\u00e3o da vida toda\u201d, atendendo a pedido do Instituto Nacional do Seguro Social (INSS). O objetivo da decis\u00e3o \u00e9 garantir uniformidade e seguran\u00e7a jur\u00eddica para os benefici\u00e1rios.<img decoding=\"async\" src=\"https:\/\/agenciabrasil.ebc.com.br\/ebc.png?id=1546175&amp;o=node\" \/><img decoding=\"async\" src=\"https:\/\/agenciabrasil.ebc.com.br\/ebc.gif?id=1546175&amp;o=node\" \/><\/p>\n<p>No julgamento de m\u00e9rito do recurso, em dezembro do ano passado, o STF considerou poss\u00edvel a aplica\u00e7\u00e3o de uma regra mais vantajosa \u00e0 revis\u00e3o da aposentadoria de segurados que tenham ingressado no Regime Geral de Previd\u00eancia Social (RGPS) antes da Lei 9.876\/1999, que criou o fator previdenci\u00e1rio e alterou a forma de apura\u00e7\u00e3o dos sal\u00e1rios de contribui\u00e7\u00e3o para efeitos do c\u00e1lculo de benef\u00edcio. O INSS apresentou um recurso contra a decis\u00e3o, cujo julgamento est\u00e1 pautado para a sess\u00e3o virtual do plen\u00e1rio do STF de 11 a 21 de agosto.<\/p>\n<p>O INSS argumenta que somente a partir do julgamento dos embargos de declara\u00e7\u00e3o ser\u00e1 poss\u00edvel definir o n\u00famero de benef\u00edcios a serem analisados, estimar o impacto financeiro e mensurar as condi\u00e7\u00f5es estruturais necess\u00e1rias ao cumprimento da decis\u00e3o, bem como apresentar um cronograma de implementa\u00e7\u00e3o fact\u00edvel.<\/p>\n<p>Ao deferir o pedido, o ministro Alexandre de Moraes diz que \u00e9 prudente suspender os processos que tramitam nas inst\u00e2ncias anteriores at\u00e9 a decis\u00e3o definitiva do recurso pelo STF. Ele ressaltou que j\u00e1 existem decis\u00f5es de tribunais regionais federais que permitiriam a execu\u00e7\u00e3o provis\u00f3ria dos julgados e que alguns tribunais t\u00eam determinado a implanta\u00e7\u00e3o imediata da revis\u00e3o sem aguardar o tr\u00e2nsito em julgado do precedente do STF. \u201cO relevante impacto social imp\u00f5e que a tese de repercuss\u00e3o geral seja aplicada sob condi\u00e7\u00f5es claras e definidas\u201d, argumenta Moraes.<\/p>\n<h2>Rec\u00e1lculo<\/h2>\n<p>A decis\u00e3o do Supremo de dezembro do ano passado permite que aposentados que entraram na Justi\u00e7a possam pedir o rec\u00e1lculo do benef\u00edcio com base em todas as contribui\u00e7\u00f5es feitas ao longo da vida. Antes da decis\u00e3o, a revis\u00e3o n\u00e3o era reconhecida.<\/p>\n<p>O processo julgado pelo STF trata de um recurso do INSS contra decis\u00e3o do Superior Tribunal de Justi\u00e7a (STJ) que garantiu a um segurado do Regime Geral de Previd\u00eancia Social (RGPS) a possibilidade de revis\u00e3o do benef\u00edcio com base nas contribui\u00e7\u00f5es sobre o per\u00edodo anterior a 1994.<\/p>\n<p><span style=\"font-weight: 400;\">Fonte: Ag\u00eancia Brasil <\/span><\/p>\n","protected":false},"excerpt":{"rendered":"<p>O ministro do Supremo Tribunal Federal (STF) Alexandre de Moraes determinou a suspens\u00e3o do tr\u00e2mite de todos os processos que tratam sobre a chamada \u201crevis\u00e3o da vida toda\u201d, atendendo a pedido do Instituto Nacional do Seguro Social (INSS). O objetivo da decis\u00e3o \u00e9 garantir uniformidade e seguran\u00e7a jur\u00eddica para os benefici\u00e1rios. No julgamento de m\u00e9rito [&hellip;]<\/p>\n","protected":false},"author":246,"featured_media":216620,"comment_status":"closed","ping_status":"closed","sticky":false,"template":"","format":"standard","meta":{"footnotes":""},"categories":[436,254,439],"tags":[],"class_list":["post-216619","post","type-post","status-publish","format-standard","has-post-thumbnail","hentry","category-destaque-da-semana","category-politica","category-ultima-hora"],"_links":{"self":[{"href":"https:\/\/diarioregionaldigital.com.br\/index.php?rest_route=\/wp\/v2\/posts\/216619","targetHints":{"allow":["GET"]}}],"collection":[{"href":"https:\/\/diarioregionaldigital.com.br\/index.php?rest_route=\/wp\/v2\/posts"}],"about":[{"href":"https:\/\/diarioregionaldigital.com.br\/index.php?rest_route=\/wp\/v2\/types\/post"}],"author":[{"embeddable":true,"href":"https:\/\/diarioregionaldigital.com.br\/index.php?rest_route=\/wp\/v2\/users\/246"}],"replies":[{"embeddable":true,"href":"https:\/\/diarioregionaldigital.com.br\/index.php?rest_route=%2Fwp%2Fv2%2Fcomments&post=216619"}],"version-history":[{"count":1,"href":"https:\/\/diarioregionaldigital.com.br\/index.php?rest_route=\/wp\/v2\/posts\/216619\/revisions"}],"predecessor-version":[{"id":216621,"href":"https:\/\/diarioregionaldigital.com.br\/index.php?rest_route=\/wp\/v2\/posts\/216619\/revisions\/216621"}],"wp:featuredmedia":[{"embeddable":true,"href":"https:\/\/diarioregionaldigital.com.br\/index.php?rest_route=\/wp\/v2\/media\/216620"}],"wp:attachment":[{"href":"https:\/\/diarioregionaldigital.com.br\/index.php?rest_route=%2Fwp%2Fv2%2Fmedia&parent=216619"}],"wp:term":[{"taxonomy":"category","embeddable":true,"href":"https:\/\/diarioregionaldigital.com.br\/index.php?rest_route=%2Fwp%2Fv2%2Fcategories&post=216619"},{"taxonomy":"post_tag","embeddable":true,"href":"https:\/\/diarioregionaldigital.com.br\/index.php?rest_route=%2Fwp%2Fv2%2Ftags&post=216619"}],"curies":[{"name":"wp","href":"https:\/\/api.w.org\/{rel}","templated":true}]}}